{"id":195,"date":"2023-10-07T18:59:00","date_gmt":"2023-10-07T21:59:00","guid":{"rendered":"https:\/\/lafogata.com.ar\/?p=195"},"modified":"2023-10-07T19:02:06","modified_gmt":"2023-10-07T22:02:06","slug":"unidad-el-desafio-de-la-nueva-comision-directiva-vecinal","status":"publish","type":"post","link":"https:\/\/lafogata.com.ar\/?p=195","title":{"rendered":"&#8220;UNIDAD&#8221; El desafi\u00f3 de la nueva Comisi\u00f3n Directiva Vecinal."},"content":{"rendered":"\n<p class=\"has-vivid-cyan-blue-color has-text-color\"><strong>Fueron proclamadas las nuevas autoridades que conducir\u00e1n los destinos de la Instituci\u00f3n Barrial.<\/strong><\/p>\n\n\n\n<figure class=\"wp-block-image aligncenter size-full is-resized\"><img loading=\"lazy\" decoding=\"async\" src=\"http:\/\/lafogata.com.ar\/wp-content\/uploads\/2023\/09\/descarga-3.jpg\" alt=\"\" class=\"wp-image-125\" style=\"width:254px;height:191px\" width=\"254\" height=\"191\"\/><\/figure>\n\n\n\n<p>Durante la ma\u00f1ana de este S\u00e1bado, se llev\u00f3 a cabo la Asamblea general de Socias y Socios de la Vecinal Facundo Quiroga quienes fueron puestos en conocimiento del estado actual de la instituci\u00f3n como as\u00ed tambi\u00e9n de las distintas gestiones y actividades llevadas a cabo por la comisi\u00f3n directiva saliente.<\/p>\n\n\n\n<figure class=\"wp-block-image alignleft size-full\"><img loading=\"lazy\" decoding=\"async\" width=\"125\" height=\"166\" src=\"https:\/\/lafogata.com.ar\/wp-content\/uploads\/2023\/10\/071023-juan.jpg\" alt=\"\" class=\"wp-image-197\"\/><\/figure>\n\n\n\n<p><strong><em>&#8220;Nos toc\u00f3 la divisi\u00f3n&#8221;<\/em><\/strong> fueron las expresiones de Juan Trovetti, quien deja el cargo de presidente, haciendo referencia a las distintas dificultades y conflictos internos que debi\u00f3 afrontar la Instituci\u00f3n durante los dos a\u00f1os posteriores a la re apertura, y que provoc\u00f3 perjuicios econ\u00f3micos importantes y bajas que no impidieron a l@s vecinalistas concretar exitosa mente esta primer etapa.    <\/p>\n\n\n\n<figure class=\"wp-block-image aligncenter size-large is-resized\"><img loading=\"lazy\" decoding=\"async\" src=\"http:\/\/lafogata.com.ar\/wp-content\/uploads\/2023\/08\/ninos-768x1024.jpg\" alt=\"\" class=\"wp-image-91\" style=\"width:200px;height:267px\" width=\"200\" height=\"267\" srcset=\"https:\/\/lafogata.com.ar\/wp-content\/uploads\/2023\/08\/ninos-768x1024.jpg 768w, https:\/\/lafogata.com.ar\/wp-content\/uploads\/2023\/08\/ninos-225x300.jpg 225w, https:\/\/lafogata.com.ar\/wp-content\/uploads\/2023\/08\/ninos-1152x1536.jpg 1152w, https:\/\/lafogata.com.ar\/wp-content\/uploads\/2023\/08\/ninos.jpg 1200w\" sizes=\"auto, (max-width: 200px) 100vw, 200px\" \/><\/figure>\n\n\n\n<p>Taller de arte, de defensa personal, baile y oficios; organizaci\u00f3n de jornadas en el marco del mes de las infancias y en distintas tem\u00e1ticas como salud y prevenci\u00f3n; gestiones con autoridades de gobierno, que permitieron obtener recursos para financiar la compra de alarmas comunitarias para el vecindario en general, reuniones con entidades intermedias y numerosos reclamos realizados , representan parte del legado que la  gesti\u00f3n vecinalista saliente  deja a la entrante.<\/p>\n\n\n\n<p><strong><mark style=\"background-color:rgba(0, 0, 0, 0)\" class=\"has-inline-color has-vivid-cyan-blue-color\">&#8220;UNIDAD BARRIAL&#8221;<\/mark><\/strong><\/p>\n\n\n\n<figure class=\"wp-block-image aligncenter size-full\"><img loading=\"lazy\" decoding=\"async\" width=\"191\" height=\"127\" src=\"http:\/\/lafogata.com.ar\/wp-content\/uploads\/2023\/10\/071023-presidente-y-vice.jpg\" alt=\"\" class=\"wp-image-200\"\/><\/figure>\n\n\n\n<p>    Gabriel Segovia como Presidente y Laura Ocampo como Vicepresidenta encabezan la lista de personas  que a partir de este S\u00e1bado comenzar\u00e1n a recorrer la segunda gesti\u00f3n vecinal pos re apertura. Un camino lleno de desaf\u00edos donde <strong><mark style=\"background-color:#fcb900\" class=\"has-inline-color has-black-color\">lograr &#8221; La unidad &#8221; de todas y todos los habitantes de Barrio Transporte<\/mark><\/strong> se convierte en  el &#8220;norte&#8221; a seguir.<\/p>\n\n\n\n<p> Para comenzar a andar, l@s flamantes vecinalistas ya establecieron un &#8220;mapa de recorrido&#8221; que hoy comparten con nuestro medio. <\/p>\n\n\n\n<figure class=\"wp-block-video\"><video height=\"1080\" style=\"aspect-ratio: 1920 \/ 1080;\" width=\"1920\" controls src=\"http:\/\/lafogata.com.ar\/wp-content\/uploads\/2023\/10\/VIDEO-PROYECTO-2023-2024.mp4\"><\/video><\/figure>\n","protected":false},"excerpt":{"rendered":"<p>Fueron proclamadas las nuevas autoridades que conducir\u00e1n los destinos de la Instituci\u00f3n Barrial. Durante la&#8230;<\/p>\n","protected":false},"author":2,"featured_media":196,"comment_status":"open","ping_status":"open","sticky":false,"template":"","format":"standard","meta":{"om_disable_all_campaigns":false,"_monsterinsights_skip_tracking":false,"_monsterinsights_sitenote_active":false,"_monsterinsights_sitenote_note":"","_monsterinsights_sitenote_category":0,"footnotes":""},"categories":[2],"tags":[],"class_list":["post-195","post","type-post","status-publish","format-standard","has-post-thumbnail","hentry","category-desde-la-fogata"],"aioseo_notices":[],"_links":{"self":[{"href":"https:\/\/lafogata.com.ar\/index.php?rest_route=\/wp\/v2\/posts\/195","targetHints":{"allow":["GET"]}}],"collection":[{"href":"https:\/\/lafogata.com.ar\/index.php?rest_route=\/wp\/v2\/posts"}],"about":[{"href":"https:\/\/lafogata.com.ar\/index.php?rest_route=\/wp\/v2\/types\/post"}],"author":[{"embeddable":true,"href":"https:\/\/lafogata.com.ar\/index.php?rest_route=\/wp\/v2\/users\/2"}],"replies":[{"embeddable":true,"href":"https:\/\/lafogata.com.ar\/index.php?rest_route=%2Fwp%2Fv2%2Fcomments&post=195"}],"version-history":[{"count":4,"href":"https:\/\/lafogata.com.ar\/index.php?rest_route=\/wp\/v2\/posts\/195\/revisions"}],"predecessor-version":[{"id":205,"href":"https:\/\/lafogata.com.ar\/index.php?rest_route=\/wp\/v2\/posts\/195\/revisions\/205"}],"wp:featuredmedia":[{"embeddable":true,"href":"https:\/\/lafogata.com.ar\/index.php?rest_route=\/wp\/v2\/media\/196"}],"wp:attachment":[{"href":"https:\/\/lafogata.com.ar\/index.php?rest_route=%2Fwp%2Fv2%2Fmedia&parent=195"}],"wp:term":[{"taxonomy":"category","embeddable":true,"href":"https:\/\/lafogata.com.ar\/index.php?rest_route=%2Fwp%2Fv2%2Fcategories&post=195"},{"taxonomy":"post_tag","embeddable":true,"href":"https:\/\/lafogata.com.ar\/index.php?rest_route=%2Fwp%2Fv2%2Ftags&post=195"}],"curies":[{"name":"wp","href":"https:\/\/api.w.org\/{rel}","templated":true}]}}