{"id":359,"date":"2024-01-10T07:37:17","date_gmt":"2024-01-10T10:37:17","guid":{"rendered":"https:\/\/lafogata.com.ar\/?p=359"},"modified":"2024-01-10T08:28:58","modified_gmt":"2024-01-10T11:28:58","slug":"nosotros-necesitamos-de-ustedes","status":"publish","type":"post","link":"https:\/\/lafogata.com.ar\/?p=359","title":{"rendered":"&#8220;Nosotros necesitamos de Ustedes&#8221;"},"content":{"rendered":"\n<p class=\"has-text-align-center has-vivid-cyan-blue-color has-text-color has-link-color has-medium-font-size wp-elements-91c1f41f0f6b4661a8b7374644e5af54\"><strong>Primer encuentro del Intendente con referentes vecinalistas<\/strong>.<\/p>\n\n\n\n<figure class=\"wp-block-image aligncenter size-full is-resized\"><img loading=\"lazy\" decoding=\"async\" width=\"594\" height=\"381\" src=\"https:\/\/lafogata.com.ar\/wp-content\/uploads\/2024\/01\/100124-ENCUENTRO-CON-POLETTTI.jpg\" alt=\"\" class=\"wp-image-360\" style=\"width:389px;height:auto\" srcset=\"https:\/\/lafogata.com.ar\/wp-content\/uploads\/2024\/01\/100124-ENCUENTRO-CON-POLETTTI.jpg 594w, https:\/\/lafogata.com.ar\/wp-content\/uploads\/2024\/01\/100124-ENCUENTRO-CON-POLETTTI-300x192.jpg 300w\" sizes=\"auto, (max-width: 594px) 100vw, 594px\" \/><\/figure>\n\n\n\n<p>Este martes se llev\u00f3 a cabo la primera reuni\u00f3n entre el intendente de la ciudad Juan Pablo Poletti, funcionarios de su gabinete y representantes de la mayor\u00eda de las vecinales de la ciudad, entre ellas &#8220;Facundo Quiroga&#8221; que cont\u00f3 con la participaci\u00f3n del presidente y el secretario general . Fue un acto formal convocado en la Estaci\u00f3n Belgrano donde se presentaron las partes y a la nueva direcci\u00f3n ejecutiva de Asuntos Vecinales cuyo cargo ocupa quien fuera asignada como inspectora en el proceso de normalizaci\u00f3n de la Vecinal llevado a cabo en Barrio Transporte, Natalia Zanella.<\/p>\n\n\n\n<figure class=\"wp-block-image aligncenter size-large is-resized\"><img loading=\"lazy\" decoding=\"async\" width=\"1024\" height=\"461\" src=\"https:\/\/lafogata.com.ar\/wp-content\/uploads\/2024\/01\/100124-poletti-2-1024x461.jpeg\" alt=\"\" class=\"wp-image-361\" style=\"width:424px;height:auto\" srcset=\"https:\/\/lafogata.com.ar\/wp-content\/uploads\/2024\/01\/100124-poletti-2-1024x461.jpeg 1024w, https:\/\/lafogata.com.ar\/wp-content\/uploads\/2024\/01\/100124-poletti-2-300x135.jpeg 300w, https:\/\/lafogata.com.ar\/wp-content\/uploads\/2024\/01\/100124-poletti-2-768x346.jpeg 768w, https:\/\/lafogata.com.ar\/wp-content\/uploads\/2024\/01\/100124-poletti-2-1536x691.jpeg 1536w, https:\/\/lafogata.com.ar\/wp-content\/uploads\/2024\/01\/100124-poletti-2.jpeg 1600w\" sizes=\"auto, (max-width: 1024px) 100vw, 1024px\" \/><\/figure>\n\n\n\n<p class=\"has-vivid-cyan-blue-color has-text-color has-link-color wp-elements-89f0df8b0d09e8e42c8cd37758194c78\"><strong><em>&#8220;Nosotros necesitamos de Ustedes, no para que sean nuestros secuaces sino aliados que nos proporcionen datos que nos sirvan para mejorar los barrios que representan&#8221;<\/em><\/strong><\/p>\n\n\n\n<p>Fueron las expresiones que el  nuevo intendente de los santafesinos dirigi\u00f3 a los vecinalistas quien sostuvo que:  <\/p>\n\n\n\n<p class=\"has-luminous-vivid-amber-background-color has-background\">&nbsp;&#8220;<em> Este va a ser un punto de partida de una relaci\u00f3n que va a durar 4 a\u00f1os, queremos que las vecinales puedan estar haciendo el trabajo que todos queremos que es trabajar por los vecinos y hacer nexo entre el vecino y la Municipalidad sin ser nexos pol\u00edticos de nadie&#8221;.<\/em> <\/p>\n\n\n\n<figure class=\"wp-block-image aligncenter size-full is-resized\"><img loading=\"lazy\" decoding=\"async\" width=\"259\" height=\"194\" src=\"http:\/\/lafogata.com.ar\/wp-content\/uploads\/2023\/12\/descarga-3.jpg\" alt=\"\" class=\"wp-image-308\" style=\"width:226px;height:auto\"\/><\/figure>\n\n\n\n<p class=\"has-vivid-cyan-blue-color has-text-color has-link-color wp-elements-7efb1a32a979c07d0d32592279848095\"><strong>Palabra Vecinal<\/strong>.<\/p>\n\n\n\n<p>Si bien no hubo un temario formal, las vecinales insistieron con su lista de problem\u00e1ticas que golpean a los barrios y remarcaron la importancia del encuentro  insistiendo en la necesidad de que el v\u00ednculo de comunicaci\u00f3n entre el intendente y las vecinales sea peri\u00f3dico y por distritos a los fines de abordar territorialmente las diferentes problem\u00e1ticas. <\/p>\n\n\n\n<p class=\"has-vivid-cyan-blue-color has-text-color has-link-color wp-elements-6d0039d1dc1a772fd3f9944bbbfd0c37\"><strong>Palabras del Intendente.<\/strong><\/p>\n\n\n\n<figure class=\"wp-block-image size-full is-resized\"><img loading=\"lazy\" decoding=\"async\" width=\"300\" height=\"168\" src=\"http:\/\/lafogata.com.ar\/wp-content\/uploads\/2023\/12\/images-2023-12-13T040910.150.jpg\" alt=\"\" class=\"wp-image-334\" style=\"width:159px;height:auto\"\/><\/figure>\n\n\n\n<figure class=\"wp-block-audio\"><audio controls src=\"http:\/\/lafogata.com.ar\/wp-content\/uploads\/2024\/01\/100124-POLETTI-ENCUENTRO-CON-VECINALISTAS.mp3\"><\/audio><\/figure>\n\n\n\n<p class=\"has-black-color has-luminous-vivid-amber-background-color has-text-color has-background has-link-color wp-elements-98d2df08c043a782145181cac5698d6b\"><strong>OPINI\u00d3N<\/strong><\/p>\n\n\n\n<div class=\"wp-block-group has-global-padding is-layout-constrained wp-block-group-is-layout-constrained\">\n<figure class=\"wp-block-image size-large is-resized\"><img loading=\"lazy\" decoding=\"async\" width=\"768\" height=\"1024\" src=\"http:\/\/lafogata.com.ar\/wp-content\/uploads\/2023\/11\/161123pipo-768x1024.jpeg\" alt=\"\" class=\"wp-image-290\" style=\"width:73px;height:auto\" srcset=\"https:\/\/lafogata.com.ar\/wp-content\/uploads\/2023\/11\/161123pipo-768x1024.jpeg 768w, https:\/\/lafogata.com.ar\/wp-content\/uploads\/2023\/11\/161123pipo-225x300.jpeg 225w, https:\/\/lafogata.com.ar\/wp-content\/uploads\/2023\/11\/161123pipo-1152x1536.jpeg 1152w, https:\/\/lafogata.com.ar\/wp-content\/uploads\/2023\/11\/161123pipo-1024x1365.jpeg 1024w, https:\/\/lafogata.com.ar\/wp-content\/uploads\/2023\/11\/161123pipo.jpeg 1200w\" sizes=\"auto, (max-width: 768px) 100vw, 768px\" \/><figcaption class=\"wp-element-caption\">Pipo S\u00e1nchez( Sec Gral. Vec Facundo Quiroga)<\/figcaption><\/figure>\n<\/div>\n\n\n\n<p>Celebrar este encuentro cercano entre el poder ejecutivo y los referentes vecinales puede representar un <em><mark style=\"background-color:#fcb900\" class=\"has-inline-color\">&#8220;aplaudir al automovilista que fren\u00f3 cuando se encendi\u00f3 la luz roja del sem\u00e1foro&#8221;<\/mark><\/em> si no se pone en cuestionamiento el rol protag\u00f3nico que deben tener las vecinales en la elaboraci\u00f3n y ejecuci\u00f3n de proyectos. Limitar la tarea vecinal a ser <em><mark style=\"background-color:#fcb900\" class=\"has-inline-color\">&#8221; inspectores civiles&#8221; <\/mark><\/em>que brinden datos a una gesti\u00f3n es mantener la modalidad que se aplic\u00f3 casi siempre: El &#8220;Ustedes y Nosotros&#8221; que desde lo simb\u00f3lico fue representado por la disposici\u00f3n de las sillas en el amplio sal\u00f3n de la Estaci\u00f3n Belgrano, fue y es lo que reduce la funci\u00f3n vecinal a un <em><mark style=\"background-color:#fcb900\" class=\"has-inline-color\">&#8221; banco de reclamos&#8221; <\/mark><\/em>donde los actores se sientan en el lugar de los espectadores.<\/p>\n\n\n\n<figure class=\"wp-block-image alignleft size-full is-resized\"><img loading=\"lazy\" decoding=\"async\" width=\"259\" height=\"194\" src=\"http:\/\/lafogata.com.ar\/wp-content\/uploads\/2023\/11\/descarga-2023-11-16T182914.348.jpg\" alt=\"\" class=\"wp-image-284\" style=\"width:135px;height:auto\"\/><\/figure>\n\n\n\n<p>La tarea que da sentido a la pr\u00e1ctica vecinalista es la de generar protagonismo y participaci\u00f3n popular en las barriadas logrando que las y los vecinos se apropien de los logros de la acci\u00f3n colectiva al ver ejecutados proyectos que propusieron y no que les pusieron. Este hecho afianza el sentimiento de &#8221; pertenencia&#8221; potenciando la idea de &#8221; cuidar entre todos lo que conseguimos juntos&#8221;.<\/p>\n\n\n\n<figure class=\"wp-block-image aligncenter size-full is-resized\"><img loading=\"lazy\" decoding=\"async\" width=\"284\" height=\"178\" src=\"http:\/\/lafogata.com.ar\/wp-content\/uploads\/2024\/01\/descarga-2024-01-10T082341.358.jpg\" alt=\"\" class=\"wp-image-365\" style=\"width:138px;height:auto\"\/><\/figure>\n\n\n\n<p class=\"has-black-color has-pale-cyan-blue-background-color has-text-color has-background has-link-color wp-elements-0bd641735e5cf87632f51b116b7c7a5d\"><strong>A la creciente apat\u00eda pol\u00edtica junto a las graves consecuencias que acarrea en el cuerpo social no se la combate con &#8221; calmantes&#8221;. Es preciso realizar an\u00e1lisis, desde donde surjan diagn\u00f3sticos que permitan posteriormente encontrar los caminos de sanaci\u00f3n. Esto lo sabe muy bien Juan Pablo Poletti.<\/strong><\/p>\n","protected":false},"excerpt":{"rendered":"<p>Primer encuentro del Intendente con referentes vecinalistas. Este martes se llev\u00f3 a cabo la primera&#8230;<\/p>\n","protected":false},"author":2,"featured_media":360,"comment_status":"open","ping_status":"open","sticky":false,"template":"","format":"standard","meta":{"om_disable_all_campaigns":false,"_monsterinsights_skip_tracking":false,"_monsterinsights_sitenote_active":false,"_monsterinsights_sitenote_note":"","_monsterinsights_sitenote_category":0,"footnotes":""},"categories":[2],"tags":[],"class_list":["post-359","post","type-post","status-publish","format-standard","has-post-thumbnail","hentry","category-desde-la-fogata"],"aioseo_notices":[],"_links":{"self":[{"href":"https:\/\/lafogata.com.ar\/index.php?rest_route=\/wp\/v2\/posts\/359","targetHints":{"allow":["GET"]}}],"collection":[{"href":"https:\/\/lafogata.com.ar\/index.php?rest_route=\/wp\/v2\/posts"}],"about":[{"href":"https:\/\/lafogata.com.ar\/index.php?rest_route=\/wp\/v2\/types\/post"}],"author":[{"embeddable":true,"href":"https:\/\/lafogata.com.ar\/index.php?rest_route=\/wp\/v2\/users\/2"}],"replies":[{"embeddable":true,"href":"https:\/\/lafogata.com.ar\/index.php?rest_route=%2Fwp%2Fv2%2Fcomments&post=359"}],"version-history":[{"count":3,"href":"https:\/\/lafogata.com.ar\/index.php?rest_route=\/wp\/v2\/posts\/359\/revisions"}],"predecessor-version":[{"id":368,"href":"https:\/\/lafogata.com.ar\/index.php?rest_route=\/wp\/v2\/posts\/359\/revisions\/368"}],"wp:featuredmedia":[{"embeddable":true,"href":"https:\/\/lafogata.com.ar\/index.php?rest_route=\/wp\/v2\/media\/360"}],"wp:attachment":[{"href":"https:\/\/lafogata.com.ar\/index.php?rest_route=%2Fwp%2Fv2%2Fmedia&parent=359"}],"wp:term":[{"taxonomy":"category","embeddable":true,"href":"https:\/\/lafogata.com.ar\/index.php?rest_route=%2Fwp%2Fv2%2Fcategories&post=359"},{"taxonomy":"post_tag","embeddable":true,"href":"https:\/\/lafogata.com.ar\/index.php?rest_route=%2Fwp%2Fv2%2Ftags&post=359"}],"curies":[{"name":"wp","href":"https:\/\/api.w.org\/{rel}","templated":true}]}}