{"id":386,"date":"2024-01-23T19:55:35","date_gmt":"2024-01-23T22:55:35","guid":{"rendered":"https:\/\/lafogata.com.ar\/?p=386"},"modified":"2024-01-23T19:55:38","modified_gmt":"2024-01-23T22:55:38","slug":"compromiso-y-participacion","status":"publish","type":"post","link":"https:\/\/lafogata.com.ar\/?p=386","title":{"rendered":"&#8220;Compromiso y Participaci\u00f3n&#8221;"},"content":{"rendered":"\n<p class=\"has-text-align-center has-vivid-cyan-blue-color has-text-color has-link-color wp-elements-db8de0e358e20379cbf043256cee8c59\"><strong>Convocatoria de la Vecinal Facundo Quiroga.<\/strong><\/p>\n\n\n\n<figure class=\"wp-block-image aligncenter size-full is-resized\"><img loading=\"lazy\" decoding=\"async\" width=\"259\" height=\"194\" src=\"http:\/\/lafogata.com.ar\/wp-content\/uploads\/2023\/11\/descarga-2023-11-16T182914.348.jpg\" alt=\"\" class=\"wp-image-284\" style=\"width:284px;height:auto\"\/><\/figure>\n\n\n\n<p>En los inicios de gesti\u00f3n, la nueva comisi\u00f3n directiva de la Vecinal Facundo Quiroga, present\u00f3 un proyecto que el pr\u00f3ximo Jueves 25 de Enero comienza a ejecutarse. Se trata de abordar las diferentes problem\u00e1ticas del Barrio por sector y con la participaci\u00f3n activa de todas y todos los vecinos de las cuatro regiones establecidas .<\/p>\n\n\n\n<figure class=\"wp-block-image aligncenter size-large is-resized\"><img loading=\"lazy\" decoding=\"async\" width=\"881\" height=\"1024\" src=\"http:\/\/lafogata.com.ar\/wp-content\/uploads\/2023\/10\/201023-REFERENTES-2023-2025-881x1024.jpg\" alt=\"\" class=\"wp-image-216\" style=\"width:448px;height:auto\" srcset=\"https:\/\/lafogata.com.ar\/wp-content\/uploads\/2023\/10\/201023-REFERENTES-2023-2025-881x1024.jpg 881w, https:\/\/lafogata.com.ar\/wp-content\/uploads\/2023\/10\/201023-REFERENTES-2023-2025-258x300.jpg 258w, https:\/\/lafogata.com.ar\/wp-content\/uploads\/2023\/10\/201023-REFERENTES-2023-2025-768x893.jpg 768w, https:\/\/lafogata.com.ar\/wp-content\/uploads\/2023\/10\/201023-REFERENTES-2023-2025.jpg 1021w\" sizes=\"auto, (max-width: 881px) 100vw, 881px\" \/><\/figure>\n\n\n\n<p>El &#8221; debut&#8221; de la iniciativa vecinal estar\u00e1 a cargo de las vecinas y vecinos de la regi\u00f3n comprendida entre las calles <strong><mark style=\"background-color:#fcb900\" class=\"has-inline-color\">Ayacucho-1\u00b0 de Mayo &#8211; Risso y A del Valle, <\/mark><\/strong>que debatir\u00e1n sobre las problem\u00e1ticas del sector y las estrategias de soluci\u00f3n a los mismos.<\/p>\n\n\n\n<figure class=\"wp-block-image aligncenter size-full\"><img loading=\"lazy\" decoding=\"async\" width=\"259\" height=\"194\" src=\"http:\/\/lafogata.com.ar\/wp-content\/uploads\/2023\/12\/descarga-3.jpg\" alt=\"\" class=\"wp-image-308\"\/><\/figure>\n\n\n\n<p class=\"has-black-color has-luminous-vivid-amber-background-color has-text-color has-background has-link-color wp-elements-7823cbbe2ca0c5f8a4234f55e6e3ca09\"><strong>El encuentro se realizar\u00e1 el pr\u00f3ximo JUEVES 25 de ENERO a las 19:30 hs. en la sede vecinal de Pasaje Almafuerte invitando a participar del mismo a todas y todos los habitantes del \u00e1rea mencionada sin ser requisito estar asociada o asociado a la Instituci\u00f3n Barrial. <\/strong><\/p>\n","protected":false},"excerpt":{"rendered":"<p>Convocatoria de la Vecinal Facundo Quiroga. En los inicios de gesti\u00f3n, la nueva comisi\u00f3n directiva&#8230;<\/p>\n","protected":false},"author":2,"featured_media":310,"comment_status":"open","ping_status":"open","sticky":false,"template":"","format":"standard","meta":{"om_disable_all_campaigns":false,"_monsterinsights_skip_tracking":false,"_monsterinsights_sitenote_active":false,"_monsterinsights_sitenote_note":"","_monsterinsights_sitenote_category":0,"footnotes":""},"categories":[8],"tags":[],"class_list":["post-386","post","type-post","status-publish","format-standard","has-post-thumbnail","hentry","category-vecinal-facundo-quiroga"],"aioseo_notices":[],"_links":{"self":[{"href":"https:\/\/lafogata.com.ar\/index.php?rest_route=\/wp\/v2\/posts\/386","targetHints":{"allow":["GET"]}}],"collection":[{"href":"https:\/\/lafogata.com.ar\/index.php?rest_route=\/wp\/v2\/posts"}],"about":[{"href":"https:\/\/lafogata.com.ar\/index.php?rest_route=\/wp\/v2\/types\/post"}],"author":[{"embeddable":true,"href":"https:\/\/lafogata.com.ar\/index.php?rest_route=\/wp\/v2\/users\/2"}],"replies":[{"embeddable":true,"href":"https:\/\/lafogata.com.ar\/index.php?rest_route=%2Fwp%2Fv2%2Fcomments&post=386"}],"version-history":[{"count":1,"href":"https:\/\/lafogata.com.ar\/index.php?rest_route=\/wp\/v2\/posts\/386\/revisions"}],"predecessor-version":[{"id":387,"href":"https:\/\/lafogata.com.ar\/index.php?rest_route=\/wp\/v2\/posts\/386\/revisions\/387"}],"wp:featuredmedia":[{"embeddable":true,"href":"https:\/\/lafogata.com.ar\/index.php?rest_route=\/wp\/v2\/media\/310"}],"wp:attachment":[{"href":"https:\/\/lafogata.com.ar\/index.php?rest_route=%2Fwp%2Fv2%2Fmedia&parent=386"}],"wp:term":[{"taxonomy":"category","embeddable":true,"href":"https:\/\/lafogata.com.ar\/index.php?rest_route=%2Fwp%2Fv2%2Fcategories&post=386"},{"taxonomy":"post_tag","embeddable":true,"href":"https:\/\/lafogata.com.ar\/index.php?rest_route=%2Fwp%2Fv2%2Ftags&post=386"}],"curies":[{"name":"wp","href":"https:\/\/api.w.org\/{rel}","templated":true}]}}