{"id":416,"date":"2024-03-04T06:03:43","date_gmt":"2024-03-04T09:03:43","guid":{"rendered":"https:\/\/lafogata.com.ar\/?p=416"},"modified":"2024-03-04T06:25:30","modified_gmt":"2024-03-04T09:25:30","slug":"cuanto-tiempo-mas-llevara","status":"publish","type":"post","link":"https:\/\/lafogata.com.ar\/?p=416","title":{"rendered":"&#8220;\u00bf Cu\u00e1nto tiempo m\u00e1s llevar\u00e1?&#8221;"},"content":{"rendered":"\n<p class=\"has-vivid-cyan-blue-color has-text-color has-link-color has-medium-font-size wp-elements-2bdae07c2027fb2de7bc0317f9e80de4\"><strong>La Comisi\u00f3n directiva realiz\u00f3 un v\u00eddeo que expresa el malestar de los vecinos.<\/strong><\/p>\n\n\n\n<figure class=\"wp-block-image aligncenter size-large is-resized\"><img loading=\"lazy\" decoding=\"async\" width=\"1024\" height=\"545\" src=\"https:\/\/lafogata.com.ar\/wp-content\/uploads\/2024\/03\/040324-cuanto-iempo-1024x545.jpg\" alt=\"\" class=\"wp-image-417\" style=\"width:384px;height:auto\" srcset=\"https:\/\/lafogata.com.ar\/wp-content\/uploads\/2024\/03\/040324-cuanto-iempo-1024x545.jpg 1024w, https:\/\/lafogata.com.ar\/wp-content\/uploads\/2024\/03\/040324-cuanto-iempo-300x160.jpg 300w, https:\/\/lafogata.com.ar\/wp-content\/uploads\/2024\/03\/040324-cuanto-iempo-768x409.jpg 768w, https:\/\/lafogata.com.ar\/wp-content\/uploads\/2024\/03\/040324-cuanto-iempo.jpg 1105w\" sizes=\"auto, (max-width: 1024px) 100vw, 1024px\" \/><\/figure>\n\n\n\n<p>La producci\u00f3n lleva como nombre la pregunta que se hacen la gran mayor\u00eda de los habitantes del Barrio y que institucionaliza la Vecinal Facundo Quiroga.<\/p>\n\n\n\n<figure class=\"wp-block-image aligncenter size-full is-resized\"><img loading=\"lazy\" decoding=\"async\" width=\"605\" height=\"909\" src=\"https:\/\/lafogata.com.ar\/wp-content\/uploads\/2024\/03\/2018-CONSEJO-1.jpg\" alt=\"\" class=\"wp-image-418\" style=\"width:173px;height:auto\" srcset=\"https:\/\/lafogata.com.ar\/wp-content\/uploads\/2024\/03\/2018-CONSEJO-1.jpg 605w, https:\/\/lafogata.com.ar\/wp-content\/uploads\/2024\/03\/2018-CONSEJO-1-200x300.jpg 200w\" sizes=\"auto, (max-width: 605px) 100vw, 605px\" \/><\/figure>\n\n\n\n<p>Aquel &#8220;hecho hist\u00f3rico&#8221; del 2018, representado por la sesi\u00f3n del Concejo en las instalaciones del Club Pucar\u00e1, donde la iniciativa de vecinos logr\u00f3 que muchos representantes pol\u00edticos se sorprendieran al ver un &#8220;Barrio sin cloacas y con el 90% de sus calles de tierra&#8221; pint\u00f3 de color esperanza los rostros de los habitantes de &#8220;Transporte&#8221; que, finalizada &#8220;la obra teatral&#8221;, volvieron a seguir entonando las estrofas de &#8220;la marcha de la bronca&#8221;. <\/p>\n\n\n\n<figure class=\"wp-block-image aligncenter size-full is-resized\"><img loading=\"lazy\" decoding=\"async\" width=\"817\" height=\"776\" src=\"https:\/\/lafogata.com.ar\/wp-content\/uploads\/2024\/03\/0403-cloacas-prioridad.jpg\" alt=\"\" class=\"wp-image-419\" style=\"width:511px;height:auto\" srcset=\"https:\/\/lafogata.com.ar\/wp-content\/uploads\/2024\/03\/0403-cloacas-prioridad.jpg 817w, https:\/\/lafogata.com.ar\/wp-content\/uploads\/2024\/03\/0403-cloacas-prioridad-300x285.jpg 300w, https:\/\/lafogata.com.ar\/wp-content\/uploads\/2024\/03\/0403-cloacas-prioridad-768x729.jpg 768w\" sizes=\"auto, (max-width: 817px) 100vw, 817px\" \/><\/figure>\n\n\n\n<p class=\"has-vivid-cyan-blue-color has-text-color has-link-color has-medium-font-size wp-elements-eec4d10c570319b34a7196e94b3d5056\"><strong>&#8220;Cu\u00e1nto tiempo m\u00e1s llevar\u00e1&#8221;<\/strong><\/p>\n\n\n\n<p class=\"has-black-color has-luminous-vivid-amber-background-color has-text-color has-background has-link-color wp-elements-ad98e32a50f82820a0e028d23af43ece\">Fue la iniciativa de los miembros de la vecinal recuperada que intentan generar en el &#8221; cuerpo de la nueva gesti\u00f3n municipal y provincial&#8221; la empat\u00eda necesaria que permita, a los responsables de mantener con vida a la democracia, entender la pregunta .<\/p>\n\n\n\n<p> <\/p>\n\n\n\n<figure class=\"wp-block-embed is-type-video is-provider-youtube wp-block-embed-youtube wp-embed-aspect-16-9 wp-has-aspect-ratio\"><div class=\"wp-block-embed__wrapper\">\n<iframe loading=\"lazy\" title=\"BARRIO TRANSPORTE &quot;\u00bf Cuanto tiempo m\u00e1s llevar\u00e1?&quot;\" width=\"640\" height=\"360\" src=\"https:\/\/www.youtube.com\/embed\/ONKlEEXYalw?feature=oembed\" frameborder=\"0\" allow=\"accelerometer; autoplay; clipboard-write; encrypted-media; gyroscope; picture-in-picture; web-share\" referrerpolicy=\"strict-origin-when-cross-origin\" allowfullscreen><\/iframe>\n<\/div><\/figure>\n","protected":false},"excerpt":{"rendered":"<p>La Comisi\u00f3n directiva realiz\u00f3 un v\u00eddeo que expresa el malestar de los vecinos. La producci\u00f3n&#8230;<\/p>\n","protected":false},"author":2,"featured_media":420,"comment_status":"open","ping_status":"open","sticky":false,"template":"","format":"standard","meta":{"om_disable_all_campaigns":false,"_monsterinsights_skip_tracking":false,"_monsterinsights_sitenote_active":false,"_monsterinsights_sitenote_note":"","_monsterinsights_sitenote_category":0,"footnotes":""},"categories":[2],"tags":[],"class_list":["post-416","post","type-post","status-publish","format-standard","has-post-thumbnail","hentry","category-desde-la-fogata"],"aioseo_notices":[],"_links":{"self":[{"href":"https:\/\/lafogata.com.ar\/index.php?rest_route=\/wp\/v2\/posts\/416","targetHints":{"allow":["GET"]}}],"collection":[{"href":"https:\/\/lafogata.com.ar\/index.php?rest_route=\/wp\/v2\/posts"}],"about":[{"href":"https:\/\/lafogata.com.ar\/index.php?rest_route=\/wp\/v2\/types\/post"}],"author":[{"embeddable":true,"href":"https:\/\/lafogata.com.ar\/index.php?rest_route=\/wp\/v2\/users\/2"}],"replies":[{"embeddable":true,"href":"https:\/\/lafogata.com.ar\/index.php?rest_route=%2Fwp%2Fv2%2Fcomments&post=416"}],"version-history":[{"count":3,"href":"https:\/\/lafogata.com.ar\/index.php?rest_route=\/wp\/v2\/posts\/416\/revisions"}],"predecessor-version":[{"id":424,"href":"https:\/\/lafogata.com.ar\/index.php?rest_route=\/wp\/v2\/posts\/416\/revisions\/424"}],"wp:featuredmedia":[{"embeddable":true,"href":"https:\/\/lafogata.com.ar\/index.php?rest_route=\/wp\/v2\/media\/420"}],"wp:attachment":[{"href":"https:\/\/lafogata.com.ar\/index.php?rest_route=%2Fwp%2Fv2%2Fmedia&parent=416"}],"wp:term":[{"taxonomy":"category","embeddable":true,"href":"https:\/\/lafogata.com.ar\/index.php?rest_route=%2Fwp%2Fv2%2Fcategories&post=416"},{"taxonomy":"post_tag","embeddable":true,"href":"https:\/\/lafogata.com.ar\/index.php?rest_route=%2Fwp%2Fv2%2Ftags&post=416"}],"curies":[{"name":"wp","href":"https:\/\/api.w.org\/{rel}","templated":true}]}}