{"id":432,"date":"2024-03-14T19:06:25","date_gmt":"2024-03-14T22:06:25","guid":{"rendered":"https:\/\/lafogata.com.ar\/?p=432"},"modified":"2024-03-14T19:08:08","modified_gmt":"2024-03-14T22:08:08","slug":"talleres-en-la-vecinal","status":"publish","type":"post","link":"https:\/\/lafogata.com.ar\/?p=432","title":{"rendered":"Talleres en la Vecinal"},"content":{"rendered":"\n<p class=\"has-vivid-cyan-blue-color has-text-color has-link-color wp-elements-e3bdb47e1713e939024656e8d2898706\"><strong>Dar\u00e1n inicio en Abril y se encuentran abiertas las inscripciones <\/strong>.<\/p>\n\n\n\n<figure class=\"wp-block-image aligncenter size-large is-resized\"><img loading=\"lazy\" decoding=\"async\" width=\"1024\" height=\"768\" src=\"http:\/\/lafogata.com.ar\/wp-content\/uploads\/2023\/11\/TALLER-1-1024x768.jpeg\" alt=\"\" class=\"wp-image-273\" style=\"width:206px;height:auto\" srcset=\"https:\/\/lafogata.com.ar\/wp-content\/uploads\/2023\/11\/TALLER-1-1024x768.jpeg 1024w, https:\/\/lafogata.com.ar\/wp-content\/uploads\/2023\/11\/TALLER-1-300x225.jpeg 300w, https:\/\/lafogata.com.ar\/wp-content\/uploads\/2023\/11\/TALLER-1-768x576.jpeg 768w, https:\/\/lafogata.com.ar\/wp-content\/uploads\/2023\/11\/TALLER-1.jpeg 1032w\" sizes=\"auto, (max-width: 1024px) 100vw, 1024px\" \/><\/figure>\n\n\n\n<p>Durante los meses de Enero y Febrero, la comisi\u00f3n directiva de la vecinal Facundo Quiroga, recibi\u00f3 los proyectos que enviaron las vecinas y vecinos interesados en generar propuestas de actividades a realizarse en las instalaciones de la Instituci\u00f3n durante el a\u00f1o en curso.<\/p>\n\n\n\n<figure class=\"wp-block-image aligncenter size-large is-resized\"><img loading=\"lazy\" decoding=\"async\" width=\"1024\" height=\"1024\" src=\"http:\/\/lafogata.com.ar\/wp-content\/uploads\/2024\/03\/WhatsApp-Image-2024-03-13-at-17.38.22-1024x1024.jpeg\" alt=\"\" class=\"wp-image-433\" style=\"width:159px;height:auto\" srcset=\"https:\/\/lafogata.com.ar\/wp-content\/uploads\/2024\/03\/WhatsApp-Image-2024-03-13-at-17.38.22-1024x1024.jpeg 1024w, https:\/\/lafogata.com.ar\/wp-content\/uploads\/2024\/03\/WhatsApp-Image-2024-03-13-at-17.38.22-300x300.jpeg 300w, https:\/\/lafogata.com.ar\/wp-content\/uploads\/2024\/03\/WhatsApp-Image-2024-03-13-at-17.38.22-150x150.jpeg 150w, https:\/\/lafogata.com.ar\/wp-content\/uploads\/2024\/03\/WhatsApp-Image-2024-03-13-at-17.38.22-768x768.jpeg 768w, https:\/\/lafogata.com.ar\/wp-content\/uploads\/2024\/03\/WhatsApp-Image-2024-03-13-at-17.38.22.jpeg 1280w\" sizes=\"auto, (max-width: 1024px) 100vw, 1024px\" \/><\/figure>\n\n\n\n<p><strong><mark style=\"background-color:rgba(0, 0, 0, 0)\" class=\"has-inline-color has-vivid-cyan-blue-color\">ZUMBA<\/mark><\/strong>.<\/p>\n\n\n\n<p class=\"has-black-color has-vivid-green-cyan-background-color has-text-color has-background has-link-color wp-elements-1ef4c75b1268109629e7dd40e238cd7d\">Las actividades de esta propuesta se llevar\u00e1n a cabo los d\u00edas Martes y Jueves desde las 10:00 hs y tendr\u00e1n un costo mensual de $ 2000 para vecinos en general y de $ 1600 para asociados a la Instituci\u00f3n.<\/p>\n\n\n\n<figure class=\"wp-block-image aligncenter size-large is-resized\"><img loading=\"lazy\" decoding=\"async\" width=\"737\" height=\"1024\" src=\"https:\/\/lafogata.com.ar\/wp-content\/uploads\/2024\/03\/WhatsApp-Image-2024-03-13-at-11.57.50-737x1024.jpeg\" alt=\"\" class=\"wp-image-435\" style=\"width:163px;height:auto\" srcset=\"https:\/\/lafogata.com.ar\/wp-content\/uploads\/2024\/03\/WhatsApp-Image-2024-03-13-at-11.57.50-737x1024.jpeg 737w, https:\/\/lafogata.com.ar\/wp-content\/uploads\/2024\/03\/WhatsApp-Image-2024-03-13-at-11.57.50-216x300.jpeg 216w, https:\/\/lafogata.com.ar\/wp-content\/uploads\/2024\/03\/WhatsApp-Image-2024-03-13-at-11.57.50-768x1067.jpeg 768w, https:\/\/lafogata.com.ar\/wp-content\/uploads\/2024\/03\/WhatsApp-Image-2024-03-13-at-11.57.50-1106x1536.jpeg 1106w, https:\/\/lafogata.com.ar\/wp-content\/uploads\/2024\/03\/WhatsApp-Image-2024-03-13-at-11.57.50-1024x1422.jpeg 1024w, https:\/\/lafogata.com.ar\/wp-content\/uploads\/2024\/03\/WhatsApp-Image-2024-03-13-at-11.57.50.jpeg 1152w\" sizes=\"auto, (max-width: 737px) 100vw, 737px\" \/><\/figure>\n\n\n\n<p><mark style=\"background-color:rgba(0, 0, 0, 0)\" class=\"has-inline-color has-vivid-cyan-blue-color\"><strong>MAQUILLAJE<\/strong><\/mark>.<\/p>\n\n\n\n<p class=\"has-black-color has-luminous-vivid-amber-background-color has-text-color has-background has-link-color wp-elements-47724ce1a7d3d47c58d05a466edf3abd\">Con un costo mensual de $ 4000 para vecinas y vecinos en general y de $ 2000 para asociados, se llevar\u00e1 a cabo los d\u00edas Martes a partir de las 17:00 hs<\/p>\n\n\n\n<figure class=\"wp-block-image aligncenter size-full is-resized\"><img loading=\"lazy\" decoding=\"async\" width=\"591\" height=\"591\" src=\"http:\/\/lafogata.com.ar\/wp-content\/uploads\/2024\/03\/taller-de-radio.jpg\" alt=\"\" class=\"wp-image-436\" style=\"width:204px;height:auto\" srcset=\"https:\/\/lafogata.com.ar\/wp-content\/uploads\/2024\/03\/taller-de-radio.jpg 591w, https:\/\/lafogata.com.ar\/wp-content\/uploads\/2024\/03\/taller-de-radio-300x300.jpg 300w, https:\/\/lafogata.com.ar\/wp-content\/uploads\/2024\/03\/taller-de-radio-150x150.jpg 150w\" sizes=\"auto, (max-width: 591px) 100vw, 591px\" \/><\/figure>\n\n\n\n<p><strong><mark style=\"background-color:rgba(0, 0, 0, 0)\" class=\"has-inline-color has-vivid-cyan-blue-color\">COMUNICACI\u00d3N POPULAR<\/mark><\/strong>.<\/p>\n\n\n\n<p class=\"has-vivid-red-color has-black-background-color has-text-color has-background has-link-color wp-elements-61160e3b4ce0c8e0c445a3b2bc611209\"><strong>Dirigido a vecinas y vecinos interesados en la capacitaci\u00f3n para la producci\u00f3n de programas radiales, edici\u00f3n y corresponsalias barriales se realizar\u00e1 los d\u00edas Jueves de 18 a 19:30 hs y no tendr\u00e1 costo para las y los interesados.<\/strong><\/p>\n\n\n\n<p class=\"has-black-color has-luminous-vivid-amber-background-color has-text-color has-background has-link-color has-medium-font-size wp-elements-c1beaece5adda76a500171982a1c17fd\"><strong>PARA INSCRIPCIONES A LAS DISTINTAS PROPUESTAS COMUNICARSE AL 342- 421 3250<\/strong><\/p>\n","protected":false},"excerpt":{"rendered":"<p>Dar\u00e1n inicio en Abril y se encuentran abiertas las inscripciones . Durante los meses de&#8230;<\/p>\n","protected":false},"author":2,"featured_media":310,"comment_status":"open","ping_status":"open","sticky":false,"template":"","format":"standard","meta":{"om_disable_all_campaigns":false,"_monsterinsights_skip_tracking":false,"_monsterinsights_sitenote_active":false,"_monsterinsights_sitenote_note":"","_monsterinsights_sitenote_category":0,"footnotes":""},"categories":[8],"tags":[],"class_list":["post-432","post","type-post","status-publish","format-standard","has-post-thumbnail","hentry","category-vecinal-facundo-quiroga"],"aioseo_notices":[],"_links":{"self":[{"href":"https:\/\/lafogata.com.ar\/index.php?rest_route=\/wp\/v2\/posts\/432","targetHints":{"allow":["GET"]}}],"collection":[{"href":"https:\/\/lafogata.com.ar\/index.php?rest_route=\/wp\/v2\/posts"}],"about":[{"href":"https:\/\/lafogata.com.ar\/index.php?rest_route=\/wp\/v2\/types\/post"}],"author":[{"embeddable":true,"href":"https:\/\/lafogata.com.ar\/index.php?rest_route=\/wp\/v2\/users\/2"}],"replies":[{"embeddable":true,"href":"https:\/\/lafogata.com.ar\/index.php?rest_route=%2Fwp%2Fv2%2Fcomments&post=432"}],"version-history":[{"count":2,"href":"https:\/\/lafogata.com.ar\/index.php?rest_route=\/wp\/v2\/posts\/432\/revisions"}],"predecessor-version":[{"id":438,"href":"https:\/\/lafogata.com.ar\/index.php?rest_route=\/wp\/v2\/posts\/432\/revisions\/438"}],"wp:featuredmedia":[{"embeddable":true,"href":"https:\/\/lafogata.com.ar\/index.php?rest_route=\/wp\/v2\/media\/310"}],"wp:attachment":[{"href":"https:\/\/lafogata.com.ar\/index.php?rest_route=%2Fwp%2Fv2%2Fmedia&parent=432"}],"wp:term":[{"taxonomy":"category","embeddable":true,"href":"https:\/\/lafogata.com.ar\/index.php?rest_route=%2Fwp%2Fv2%2Fcategories&post=432"},{"taxonomy":"post_tag","embeddable":true,"href":"https:\/\/lafogata.com.ar\/index.php?rest_route=%2Fwp%2Fv2%2Ftags&post=432"}],"curies":[{"name":"wp","href":"https:\/\/api.w.org\/{rel}","templated":true}]}}