{"id":470,"date":"2024-05-12T09:12:37","date_gmt":"2024-05-12T12:12:37","guid":{"rendered":"https:\/\/lafogata.com.ar\/?p=470"},"modified":"2024-05-12T09:15:18","modified_gmt":"2024-05-12T12:15:18","slug":"comunidad-organizada","status":"publish","type":"post","link":"https:\/\/lafogata.com.ar\/?p=470","title":{"rendered":"Comunidad Organizada."},"content":{"rendered":"\n<p class=\"has-vivid-cyan-blue-color has-text-color has-link-color has-medium-font-size wp-elements-4450b85cb26c5cf2d362ad7d6086ee9e\"><strong>Vecinos del sector Noroeste del Barrio formalizaron los reclamos a trav\u00e9s de la Vecinal.<\/strong><\/p>\n\n\n\n<figure class=\"wp-block-image aligncenter size-large is-resized\"><img loading=\"lazy\" decoding=\"async\" width=\"768\" height=\"1024\" src=\"https:\/\/lafogata.com.ar\/wp-content\/uploads\/2024\/05\/NOTA-VECINOS-768x1024.jpeg\" alt=\"\" class=\"wp-image-471\" style=\"width:306px;height:auto\" srcset=\"https:\/\/lafogata.com.ar\/wp-content\/uploads\/2024\/05\/NOTA-VECINOS-768x1024.jpeg 768w, https:\/\/lafogata.com.ar\/wp-content\/uploads\/2024\/05\/NOTA-VECINOS-225x300.jpeg 225w, https:\/\/lafogata.com.ar\/wp-content\/uploads\/2024\/05\/NOTA-VECINOS.jpeg 960w\" sizes=\"auto, (max-width: 768px) 100vw, 768px\" \/><\/figure>\n\n\n\n<p>Que Transporte sea <strong><mark style=\"background-color:rgba(0, 0, 0, 0)\" class=\"has-inline-color has-vivid-red-color\">un &#8221; Barrio C\u00e9ntrico&#8221; con calles de tierra intransitables, sin cloacas, y sistem\u00e1ticamente colocado en los \u00faltimos puestos de los presupuestos del ejecutivo municipal<\/mark><\/strong> seguramente se debe a distintas causas pero indudablemente una de ellas es <mark style=\"background-color:#fcb900\" class=\"has-inline-color\">&#8220;<strong> La falta de Organizaci\u00f3n Comunitaria&#8221;.<\/strong><\/mark><\/p>\n\n\n\n<figure class=\"wp-block-image aligncenter size-large is-resized\"><img loading=\"lazy\" decoding=\"async\" width=\"1024\" height=\"768\" src=\"http:\/\/lafogata.com.ar\/wp-content\/uploads\/2023\/12\/121223-3-1024x768.jpeg\" alt=\"\" class=\"wp-image-327\" style=\"width:265px;height:auto\" srcset=\"https:\/\/lafogata.com.ar\/wp-content\/uploads\/2023\/12\/121223-3-1024x768.jpeg 1024w, https:\/\/lafogata.com.ar\/wp-content\/uploads\/2023\/12\/121223-3-300x225.jpeg 300w, https:\/\/lafogata.com.ar\/wp-content\/uploads\/2023\/12\/121223-3-768x576.jpeg 768w, https:\/\/lafogata.com.ar\/wp-content\/uploads\/2023\/12\/121223-3.jpeg 1032w\" sizes=\"auto, (max-width: 1024px) 100vw, 1024px\" \/><\/figure>\n\n\n\n<p class=\"has-vivid-cyan-blue-color has-text-color has-link-color wp-elements-fa0de1b1afcac2616784d5a2f452b48d\"><strong><em>&#8220;Tengan uni\u00f3n verdadera en cualquier tiempo que fuera&#8221;<\/em><\/strong><\/p>\n\n\n\n<p>Si bien la existencia de distintos grupos de whatsapp, generalmente vinculados a la inseguridad, puede representar un grado de organizaci\u00f3n comunitaria, la falta de vinculaci\u00f3n entre los mismos genera que, sobre las problem\u00e1ticas comunes a todas y todos los habitantes de esta barriada ,se realicen reclamos individuales que generalmente terminan sin respuesta.<\/p>\n\n\n\n<figure class=\"wp-block-image aligncenter size-large is-resized\"><img loading=\"lazy\" decoding=\"async\" width=\"1024\" height=\"669\" src=\"http:\/\/lafogata.com.ar\/wp-content\/uploads\/2024\/05\/nota-final-1024x669.jpg\" alt=\"\" class=\"wp-image-475\" style=\"width:535px;height:auto\" srcset=\"https:\/\/lafogata.com.ar\/wp-content\/uploads\/2024\/05\/nota-final-1024x669.jpg 1024w, https:\/\/lafogata.com.ar\/wp-content\/uploads\/2024\/05\/nota-final-300x196.jpg 300w, https:\/\/lafogata.com.ar\/wp-content\/uploads\/2024\/05\/nota-final-768x501.jpg 768w, https:\/\/lafogata.com.ar\/wp-content\/uploads\/2024\/05\/nota-final.jpg 1279w\" sizes=\"auto, (max-width: 1024px) 100vw, 1024px\" \/><\/figure>\n\n\n\n<p class=\"has-vivid-cyan-blue-color has-text-color has-link-color wp-elements-99e4436556029b4c8fb97873851868cc\"><strong>Villa Elsa y Esmeralda Sur comienzan la Organizaci\u00f3n Comunitaria.<\/strong><\/p>\n\n\n\n<p>Son m\u00e1s de trescientas las firmas que acompa\u00f1an los reclamos realizados por vecinas y vecinos de Villa Elsa y Esmeralda Sur:<\/p>\n\n\n\n<figure class=\"wp-block-image aligncenter size-full is-resized\"><img loading=\"lazy\" decoding=\"async\" width=\"508\" height=\"168\" src=\"https:\/\/lafogata.com.ar\/wp-content\/uploads\/2024\/05\/reclamo-1.jpg\" alt=\"\" class=\"wp-image-476\" style=\"width:508px;height:auto\" srcset=\"https:\/\/lafogata.com.ar\/wp-content\/uploads\/2024\/05\/reclamo-1.jpg 508w, https:\/\/lafogata.com.ar\/wp-content\/uploads\/2024\/05\/reclamo-1-300x99.jpg 300w\" sizes=\"auto, (max-width: 508px) 100vw, 508px\" \/><\/figure>\n\n\n\n<figure class=\"wp-block-image aligncenter size-full\"><img loading=\"lazy\" decoding=\"async\" width=\"489\" height=\"85\" src=\"https:\/\/lafogata.com.ar\/wp-content\/uploads\/2024\/05\/reclamo-2.jpg\" alt=\"\" class=\"wp-image-477\" srcset=\"https:\/\/lafogata.com.ar\/wp-content\/uploads\/2024\/05\/reclamo-2.jpg 489w, https:\/\/lafogata.com.ar\/wp-content\/uploads\/2024\/05\/reclamo-2-300x52.jpg 300w\" sizes=\"auto, (max-width: 489px) 100vw, 489px\" \/><\/figure>\n\n\n\n<figure class=\"wp-block-image aligncenter size-full\"><img loading=\"lazy\" decoding=\"async\" width=\"498\" height=\"114\" src=\"https:\/\/lafogata.com.ar\/wp-content\/uploads\/2024\/05\/reclamo-3.jpg\" alt=\"\" class=\"wp-image-478\" srcset=\"https:\/\/lafogata.com.ar\/wp-content\/uploads\/2024\/05\/reclamo-3.jpg 498w, https:\/\/lafogata.com.ar\/wp-content\/uploads\/2024\/05\/reclamo-3-300x69.jpg 300w\" sizes=\"auto, (max-width: 498px) 100vw, 498px\" \/><\/figure>\n\n\n\n<figure class=\"wp-block-image aligncenter size-full\"><img loading=\"lazy\" decoding=\"async\" width=\"513\" height=\"283\" src=\"https:\/\/lafogata.com.ar\/wp-content\/uploads\/2024\/05\/reclamo-4-y-5.jpg\" alt=\"\" class=\"wp-image-479\" srcset=\"https:\/\/lafogata.com.ar\/wp-content\/uploads\/2024\/05\/reclamo-4-y-5.jpg 513w, https:\/\/lafogata.com.ar\/wp-content\/uploads\/2024\/05\/reclamo-4-y-5-300x165.jpg 300w\" sizes=\"auto, (max-width: 513px) 100vw, 513px\" \/><\/figure>\n\n\n\n<p class=\"has-black-color has-luminous-vivid-amber-background-color has-text-color has-background has-link-color wp-elements-a7158fc852d363b3520f7285121e8bd2\">La nota fue elaborada en forma conjunta con referentes de la Vecinal, y este Viernes 10 fue ingresada, por autoridades de la Comisi\u00f3n Directiva, a la direcci\u00f3n de legislaci\u00f3n y mesa de entrada de la municipalidad.<\/p>\n\n\n\n<figure class=\"wp-block-image aligncenter size-full\"><img loading=\"lazy\" decoding=\"async\" width=\"259\" height=\"194\" src=\"http:\/\/lafogata.com.ar\/wp-content\/uploads\/2023\/12\/descarga-4.jpg\" alt=\"\" class=\"wp-image-312\"\/><\/figure>\n\n\n\n<p class=\"has-vivid-cyan-blue-color has-text-color has-link-color wp-elements-98e3f8bf23bb13de6c9738678dde9793\"><strong>La Herramienta Institucional.<\/strong><\/p>\n\n\n\n<p>Si bien en  la historia de la vecinal se encuentran hechos que favorecieron el alejamiento y la desconfianza ,no existen causas para que la<strong> &#8220;Casa del Vecindario&#8221; <\/strong>no sea ocupada por sus leg\u00edtimos due\u00f1os ya que<strong> una comisi\u00f3n directiva solo la &#8221; administra&#8221;<\/strong>. Son las vecinas y vecinos, independientemente de su grado de afiliaci\u00f3n institucional, los que deben &#8220;apropiarse de esta herramienta institucional&#8221; no solo reclamando sino participando activamente del espacio que les pertenece. <\/p>\n\n\n\n<p class=\"has-black-color has-luminous-vivid-amber-background-color has-text-color has-background has-link-color wp-elements-cbdc9b06dbe08bb1a933cb38dff07c5a\"><strong>De esta manera, la Organizaci\u00f3n Comunitaria se convertir\u00e1 en el arma contra el olvido.<\/strong><\/p>\n","protected":false},"excerpt":{"rendered":"<p>Vecinos del sector Noroeste del Barrio formalizaron los reclamos a trav\u00e9s de la Vecinal. Que&#8230;<\/p>\n","protected":false},"author":2,"featured_media":480,"comment_status":"open","ping_status":"open","sticky":false,"template":"","format":"standard","meta":{"om_disable_all_campaigns":false,"_monsterinsights_skip_tracking":false,"_monsterinsights_sitenote_active":false,"_monsterinsights_sitenote_note":"","_monsterinsights_sitenote_category":0,"footnotes":""},"categories":[2],"tags":[],"class_list":["post-470","post","type-post","status-publish","format-standard","has-post-thumbnail","hentry","category-desde-la-fogata"],"aioseo_notices":[],"_links":{"self":[{"href":"https:\/\/lafogata.com.ar\/index.php?rest_route=\/wp\/v2\/posts\/470","targetHints":{"allow":["GET"]}}],"collection":[{"href":"https:\/\/lafogata.com.ar\/index.php?rest_route=\/wp\/v2\/posts"}],"about":[{"href":"https:\/\/lafogata.com.ar\/index.php?rest_route=\/wp\/v2\/types\/post"}],"author":[{"embeddable":true,"href":"https:\/\/lafogata.com.ar\/index.php?rest_route=\/wp\/v2\/users\/2"}],"replies":[{"embeddable":true,"href":"https:\/\/lafogata.com.ar\/index.php?rest_route=%2Fwp%2Fv2%2Fcomments&post=470"}],"version-history":[{"count":2,"href":"https:\/\/lafogata.com.ar\/index.php?rest_route=\/wp\/v2\/posts\/470\/revisions"}],"predecessor-version":[{"id":483,"href":"https:\/\/lafogata.com.ar\/index.php?rest_route=\/wp\/v2\/posts\/470\/revisions\/483"}],"wp:featuredmedia":[{"embeddable":true,"href":"https:\/\/lafogata.com.ar\/index.php?rest_route=\/wp\/v2\/media\/480"}],"wp:attachment":[{"href":"https:\/\/lafogata.com.ar\/index.php?rest_route=%2Fwp%2Fv2%2Fmedia&parent=470"}],"wp:term":[{"taxonomy":"category","embeddable":true,"href":"https:\/\/lafogata.com.ar\/index.php?rest_route=%2Fwp%2Fv2%2Fcategories&post=470"},{"taxonomy":"post_tag","embeddable":true,"href":"https:\/\/lafogata.com.ar\/index.php?rest_route=%2Fwp%2Fv2%2Ftags&post=470"}],"curies":[{"name":"wp","href":"https:\/\/api.w.org\/{rel}","templated":true}]}}