{"id":565,"date":"2025-03-04T20:20:28","date_gmt":"2025-03-04T23:20:28","guid":{"rendered":"https:\/\/lafogata.com.ar\/?p=565"},"modified":"2025-03-04T20:20:29","modified_gmt":"2025-03-04T23:20:29","slug":"dias-de-carnaval","status":"publish","type":"post","link":"https:\/\/lafogata.com.ar\/?p=565","title":{"rendered":"&#8221; Dias de Carnaval&#8221;"},"content":{"rendered":"\n<p class=\"has-text-align-center has-black-color has-text-color has-link-color has-medium-font-size wp-elements-f0a3b08ac1eea6bd214acb5857f1a738\">Realidades y desafios en Barrio Transporte<\/p>\n\n\n\n<figure class=\"wp-block-image aligncenter size-large is-resized\"><img loading=\"lazy\" decoding=\"async\" width=\"1024\" height=\"1024\" src=\"http:\/\/lafogata.com.ar\/wp-content\/uploads\/2024\/06\/161123pipo-edited-1024x1024.jpeg\" alt=\"\" class=\"wp-image-500\" style=\"width:101px;height:auto\" srcset=\"https:\/\/lafogata.com.ar\/wp-content\/uploads\/2024\/06\/161123pipo-edited-1024x1024.jpeg 1024w, https:\/\/lafogata.com.ar\/wp-content\/uploads\/2024\/06\/161123pipo-edited-300x300.jpeg 300w, https:\/\/lafogata.com.ar\/wp-content\/uploads\/2024\/06\/161123pipo-edited-150x150.jpeg 150w, https:\/\/lafogata.com.ar\/wp-content\/uploads\/2024\/06\/161123pipo-edited-768x768.jpeg 768w, https:\/\/lafogata.com.ar\/wp-content\/uploads\/2024\/06\/161123pipo-edited.jpeg 1200w\" sizes=\"auto, (max-width: 1024px) 100vw, 1024px\" \/><figcaption class=\"wp-element-caption\">Pipo S\u00e1nchez<\/figcaption><\/figure>\n\n\n\n<figure class=\"wp-block-image aligncenter size-large is-resized\"><img loading=\"lazy\" decoding=\"async\" width=\"1024\" height=\"768\" src=\"https:\/\/lafogata.com.ar\/wp-content\/uploads\/2025\/03\/carnaval-1-1024x768.jpg\" alt=\"\" class=\"wp-image-566\" style=\"width:337px;height:auto\" srcset=\"https:\/\/lafogata.com.ar\/wp-content\/uploads\/2025\/03\/carnaval-1-1024x768.jpg 1024w, https:\/\/lafogata.com.ar\/wp-content\/uploads\/2025\/03\/carnaval-1-300x225.jpg 300w, https:\/\/lafogata.com.ar\/wp-content\/uploads\/2025\/03\/carnaval-1-768x576.jpg 768w, https:\/\/lafogata.com.ar\/wp-content\/uploads\/2025\/03\/carnaval-1-1536x1152.jpg 1536w, https:\/\/lafogata.com.ar\/wp-content\/uploads\/2025\/03\/carnaval-1.jpg 2000w\" sizes=\"auto, (max-width: 1024px) 100vw, 1024px\" \/><\/figure>\n\n\n\n<p>El carnaval est\u00e1 emparentado, en sus or\u00edgenes, con fiestas que se celebraban en los antiguos Egipto, Grecia y Roma para adorar a los dioses. Con la llegada del cristianismo al Imperio romano, continu\u00f3 con una&nbsp;<strong>fiesta pagana anterior a la Cuaresma<\/strong>.<\/p>\n\n\n\n<p>La celebraci\u00f3n continu\u00f3 en la Edad Media y en los siglos posteriores. En el siglo XV, cuando espa\u00f1oles y portugueses&nbsp;<strong>conquistaron Am\u00e9rica<\/strong>, lleg\u00f3 al nuevo continente, donde se fusion\u00f3 con algunas&nbsp;<a href=\"https:\/\/www.clarin.com\/sociedad\/polemica-carnaval-gualeguaychu-perro-colo-desfile-integrante-comparsa-pego-palillo_0_nEkjwim7Ca.html\" target=\"_blank\" rel=\"noreferrer noopener\"><strong>tradiciones ind\u00edgenas<\/strong><\/a><\/p>\n\n\n\n<p>Un art\u00edculo de la&nbsp;<em>Secretar\u00eda de Cultura de la Naci\u00f3n<\/em>&nbsp;dice que, en tiempos de la Colonia, los vecinos de los barrios populares sol\u00edan participar de&nbsp;<strong>bailes de m\u00e1scaras en el Teatro de La Rancher\u00eda<\/strong>, mientras que los vecinos de barrios ricos lo hac\u00edan en la&nbsp;<strong>Casa de Comedias<\/strong>.<\/p>\n\n\n\n<p class=\"has-medium-font-size\"><strong>\u201cM\u00e1scaras en los Barrios\u201d, \u201c Actuaciones en lo m\u00e1s alto\u201d; la cosa no cambi\u00f3 mucho .<\/strong><\/p>\n\n\n\n<figure class=\"wp-block-image aligncenter size-full is-resized\"><img loading=\"lazy\" decoding=\"async\" width=\"650\" height=\"300\" src=\"https:\/\/lafogata.com.ar\/wp-content\/uploads\/2025\/03\/mascara-1.jpg\" alt=\"\" class=\"wp-image-568\" style=\"width:370px;height:auto\" srcset=\"https:\/\/lafogata.com.ar\/wp-content\/uploads\/2025\/03\/mascara-1.jpg 650w, https:\/\/lafogata.com.ar\/wp-content\/uploads\/2025\/03\/mascara-1-300x138.jpg 300w\" sizes=\"auto, (max-width: 650px) 100vw, 650px\" \/><\/figure>\n\n\n\n<p>Las m\u00e1scaras, en la antig\u00fcedad, junto al&nbsp;<a href=\"https:\/\/www.guiainfantil.com\/articulos\/celebraciones\/carnaval\/disfraces-de-carnaval-para-ninos\/\">disfraz<\/a>&nbsp;del estilo que sea, representaban un papel clave en este juego an\u00f3nimo en el que todo el mundo era igual y nadie sab\u00eda qui\u00e9n era qui\u00e9n. <\/p>\n\n\n\n<p>Si este juego se convierte en una estrategia ante las diferentes problem\u00e1ticas por las que atraviezan los Barrios , la cosa se complica porque nos impide ponerle nombre a esos problemas . Nos imposibilita llamar \u201ca las cosas por su<\/p>\n\n\n\n<p> nombre\u201d.<\/p>\n\n\n\n<figure class=\"wp-block-embed is-type-video is-provider-youtube wp-block-embed-youtube wp-embed-aspect-16-9 wp-has-aspect-ratio\"><div class=\"wp-block-embed__wrapper\">\n<iframe loading=\"lazy\" title=\"Barrio Transporte: Reclamo por calles intransitables\" width=\"640\" height=\"360\" src=\"https:\/\/www.youtube.com\/embed\/3c2OH91gwxE?feature=oembed\" frameborder=\"0\" allow=\"accelerometer; autoplay; clipboard-write; encrypted-media; gyroscope; picture-in-picture; web-share\" referrerpolicy=\"strict-origin-when-cross-origin\" allowfullscreen><\/iframe>\n<\/div><\/figure>\n\n\n\n<p class=\"has-black-color has-text-color has-link-color has-medium-font-size wp-elements-ec0447543281630d42149533b5a197f0\">&#8220;Carnaval en Transporte&#8221;<\/p>\n\n\n\n<p class=\"has-black-color has-text-color has-link-color wp-elements-07f40e0c779063ee5c5913c1af3cb509\">Despu\u00e9s de cada lluvia surgen los reclamos por el p\u00e9simo estado de las calles. El cansancio de los vecinos, las puteadas por whatsapp y por supuesto las \u201calternativas \u201c de soluci\u00f3n que van desde :<strong> \u201cMediatizar la situaci\u00f3n para que el municipio tome nota\u201d, recorrer el Barrio , como si no vivir\u00edamos en \u00e9l , para luego denunciar el desastre y generar reclamos \u2026Reclamos? \u00bf Cuantos habr\u00e1n hecho los habitantes de esta barriada durante m\u00e1s de 5 d\u00e9cadas?<\/strong><\/p>\n\n\n\n<p class=\"has-medium-font-size\">Si dudar de la buena intenci\u00f3n de quienes encabezan estas \u201csalidas\u201d al problema , este proceder es como utilizar el \u201cdisfraz de carnaval \u201c  impide poner nombre a la situaci\u00f3n :<\/p>\n\n\n\n<p class=\"has-black-color has-luminous-vivid-amber-background-color has-text-color has-background has-link-color has-medium-font-size wp-elements-182e1f5155b5a38804ac53a81ddc7333\"><strong>&nbsp;\u201c Transporte es un Barrio no tenido en cuenta por las diferentes gestiones de turno\u201d.<\/strong><\/p>\n\n\n\n<figure class=\"wp-block-image aligncenter size-full\"><img loading=\"lazy\" decoding=\"async\" width=\"316\" height=\"159\" src=\"https:\/\/lafogata.com.ar\/wp-content\/uploads\/2025\/03\/descarga-1.jpg\" alt=\"\" class=\"wp-image-569\" srcset=\"https:\/\/lafogata.com.ar\/wp-content\/uploads\/2025\/03\/descarga-1.jpg 316w, https:\/\/lafogata.com.ar\/wp-content\/uploads\/2025\/03\/descarga-1-300x151.jpg 300w\" sizes=\"auto, (max-width: 316px) 100vw, 316px\" \/><\/figure>\n\n\n\n<p class=\"has-medium-font-size\">&#8220;Presupuestos&#8230;&#8221;<\/p>\n\n\n\n<p>Aprovechando esta pausa de carnaval , pueden los lectores ingresar a los links siguientes para verificar la importancia que se le otorga a nuestro Barrio en la ejecuci\u00f3n de obras.<\/p>\n\n\n\n<p class=\"has-medium-font-size\"><strong>A\u00f1o 2020<\/strong><\/p>\n\n\n\n<p><a href=\"https:\/\/www.ellitoral.com\/area-metropolitana\/haran-obras-mejora-barrios-pompeya-san-agustin_0_j1cFEFyEti.html\" target=\"_blank\" rel=\"noopener nofollow sponsored ugc\" title=\"\">https:\/\/www.ellitoral.com\/area-metropolitana\/haran-obras-mejora-barrios-pompeya-san-agustin_0_j1cFEFyEti.html<\/a><\/p>\n\n\n\n<p class=\"has-medium-font-size\"><strong>A\u00f1o 2021<\/strong><\/p>\n\n\n\n<p><a href=\"https:\/\/www.ellitoral.com\/area-metropolitana\/comienzan-obras-transformar-barrios-ciudad-santa-fe_0_6jzCRVy1mo.html\">https:\/\/www.ellitoral.com\/area-metropolitana\/comienzan-obras-transformar-barrios-ciudad-santa-fe_0_6jzCRVy1mo.html<\/a><\/p>\n\n\n\n<p class=\"has-medium-font-size\"><strong>A\u00f1o 2022<\/strong><\/p>\n\n\n\n<p><a href=\"https:\/\/www.ellitoral.com\/area-metropolitana\/plan-integral-bacheo-calles-troncales-accesos-municipalidad-santa-fe_0_R0P0CAnNTu.html\">https:\/\/www.ellitoral.com\/area-metropolitana\/plan-integral-bacheo-calles-troncales-accesos-municipalidad-santa-fe_0_R0P0CAnNTu.html<\/a><\/p>\n\n\n\n<p class=\"has-medium-font-size\"><strong>A\u00f1o 2023<\/strong><\/p>\n\n\n\n<p><a href=\"https:\/\/www.ellitoral.com\/area-metropolitana\/ciudad-santa-fe-municipalidad-obras-barrio-29-abril-viviendas-agua-cloacas_0_fBA1VJohiS.html\">https:\/\/www.ellitoral.com\/area-metropolitana\/ciudad-santa-fe-municipalidad-obras-barrio-29-abril-viviendas-agua-cloacas_0_fBA1VJohiS.html<\/a><\/p>\n\n\n\n<p class=\"has-medium-font-size\"><strong>A\u00f1o 2024<\/strong><\/p>\n\n\n\n<p><a href=\"https:\/\/www.ellitoral.com\/area-metropolitana\/licitacion-pavimento-obras-complementarias-aveniza-penaloza-gorriti-desagues-cantero-central-bicisenda_0_AHI3Q8whqM.html\">https:\/\/www.ellitoral.com\/area-metropolitana\/licitacion-pavimento-obras-complementarias-aveniza-penaloza-gorriti-desagues-cantero-central-bicisenda_0_AHI3Q8whqM.html<\/a><\/p>\n\n\n\n<figure class=\"wp-block-image aligncenter size-large is-resized\"><img loading=\"lazy\" decoding=\"async\" width=\"1200\" height=\"1200\" src=\"https:\/\/lafogata.com.ar\/wp-content\/uploads\/2025\/03\/WhatsApp-Image-2025-02-16-at-18.03.23-edited.jpeg\" alt=\"\" class=\"wp-image-571\" style=\"width:246px;height:auto\" srcset=\"https:\/\/lafogata.com.ar\/wp-content\/uploads\/2025\/03\/WhatsApp-Image-2025-02-16-at-18.03.23-edited.jpeg 1200w, https:\/\/lafogata.com.ar\/wp-content\/uploads\/2025\/03\/WhatsApp-Image-2025-02-16-at-18.03.23-edited-300x300.jpeg 300w, https:\/\/lafogata.com.ar\/wp-content\/uploads\/2025\/03\/WhatsApp-Image-2025-02-16-at-18.03.23-edited-1024x1024.jpeg 1024w, https:\/\/lafogata.com.ar\/wp-content\/uploads\/2025\/03\/WhatsApp-Image-2025-02-16-at-18.03.23-edited-150x150.jpeg 150w, https:\/\/lafogata.com.ar\/wp-content\/uploads\/2025\/03\/WhatsApp-Image-2025-02-16-at-18.03.23-edited-768x768.jpeg 768w\" sizes=\"auto, (max-width: 1200px) 100vw, 1200px\" \/><\/figure>\n\n\n\n<p class=\"has-medium-font-size\"><strong>Los motivos <\/strong><\/p>\n\n\n\n<p>Buscar las razones por las que una barriada hoy c\u00e9ntrica, con una densidad poblacional importante, que casi lo posiciona como ciudad y seguro como comuna (En los&nbsp;<em>Art\u00edculos 106<\/em>&nbsp;y&nbsp;<em>107<\/em>&nbsp;nuestra&nbsp;<a href=\"http:\/\/www.saij.gob.ar\/0-local-santa-fe-constitucion-provincial-santa-fe-lps0000066-1962-04-14\/123456789-0abc-defg-660-0000svorpyel?&amp;o=22&amp;f=Total%7CFecha%7CEstado%20de%20Vigencia\/Vigente%2C%20de%20alcance%20general%7CTema%5B5%2C1%5D%7COrganismo%5B5%2C1%5D\" target=\"_blank\" rel=\"noreferrer noopener\">Constituci\u00f3n Provincial<\/a>&nbsp;establece que todo n\u00facleo poblacional que constituya una comunidad con vida propia,&nbsp;<strong>se gobierna a s\u00ed mismo<\/strong>&nbsp;de acuerdo con sus intereses locales y en arreglo a la Carta Magna jurisdiccional, asign\u00e1ndole el car\u00e1cter de municipio a aquellos que tengan m\u00e1s de 10.000 habitantes) que sigue teniendo accesos de tierra&nbsp; intransitables, no posee escuela p\u00fablica, no cuenta con red cloacal, ni centro de salud , entre otras carencias , es ingresar al terreno de las hip\u00f3tesis.<\/p>\n\n\n\n<p>Una de ellas puede estar vinculada a la \u201cpoca rentabilidad pol\u00edtica\u201d que puede representar Transporte. Otra tal vez se vincula a la pasividad y desinter\u00e9s de sus habitantes y seguramente existir\u00e1n otras.<\/p>\n\n\n\n<p class=\"has-medium-font-size\"><strong>Y entonces..?<\/strong><\/p>\n\n\n\n<p>Los caminos para lograr que Barrio Transporte tenga una INTERVENCI\u00d3N INTEGRAL deben ser elegidos por todas y todos los habitantes a trav\u00e9s de la participaci\u00f3n activa y la creatividad en los reclamos entendiendo que el escenario pertinente es la Vecinal entendida como la Casa de Todos . Una casa que es solo administrada por un grupo de vecinas y vecinos que no son los propietarios , simplemente administradores sin goce de sueldo.<\/p>\n\n\n\n<p class=\"has-luminous-vivid-amber-background-color has-background has-medium-font-size\"><strong>&#8220;Asamblea Barrial&#8221; y &#8221; Participaci\u00f3n&#8221; pueden ayudar a terminar con los d\u00edas de carnaval<\/strong><\/p>\n\n\n\n<p><\/p>\n\n\n\n<p><\/p>\n","protected":false},"excerpt":{"rendered":"<p>Realidades y desafios en Barrio Transporte El carnaval est\u00e1 emparentado, en sus or\u00edgenes, con fiestas&#8230;<\/p>\n","protected":false},"author":2,"featured_media":0,"comment_status":"open","ping_status":"open","sticky":false,"template":"","format":"standard","meta":{"om_disable_all_campaigns":false,"_monsterinsights_skip_tracking":false,"_monsterinsights_sitenote_active":false,"_monsterinsights_sitenote_note":"","_monsterinsights_sitenote_category":0,"footnotes":""},"categories":[2],"tags":[],"class_list":["post-565","post","type-post","status-publish","format-standard","hentry","category-desde-la-fogata"],"aioseo_notices":[],"_links":{"self":[{"href":"https:\/\/lafogata.com.ar\/index.php?rest_route=\/wp\/v2\/posts\/565","targetHints":{"allow":["GET"]}}],"collection":[{"href":"https:\/\/lafogata.com.ar\/index.php?rest_route=\/wp\/v2\/posts"}],"about":[{"href":"https:\/\/lafogata.com.ar\/index.php?rest_route=\/wp\/v2\/types\/post"}],"author":[{"embeddable":true,"href":"https:\/\/lafogata.com.ar\/index.php?rest_route=\/wp\/v2\/users\/2"}],"replies":[{"embeddable":true,"href":"https:\/\/lafogata.com.ar\/index.php?rest_route=%2Fwp%2Fv2%2Fcomments&post=565"}],"version-history":[{"count":2,"href":"https:\/\/lafogata.com.ar\/index.php?rest_route=\/wp\/v2\/posts\/565\/revisions"}],"predecessor-version":[{"id":572,"href":"https:\/\/lafogata.com.ar\/index.php?rest_route=\/wp\/v2\/posts\/565\/revisions\/572"}],"wp:attachment":[{"href":"https:\/\/lafogata.com.ar\/index.php?rest_route=%2Fwp%2Fv2%2Fmedia&parent=565"}],"wp:term":[{"taxonomy":"category","embeddable":true,"href":"https:\/\/lafogata.com.ar\/index.php?rest_route=%2Fwp%2Fv2%2Fcategories&post=565"},{"taxonomy":"post_tag","embeddable":true,"href":"https:\/\/lafogata.com.ar\/index.php?rest_route=%2Fwp%2Fv2%2Ftags&post=565"}],"curies":[{"name":"wp","href":"https:\/\/api.w.org\/{rel}","templated":true}]}}