{"id":574,"date":"2025-03-24T05:20:44","date_gmt":"2025-03-24T08:20:44","guid":{"rendered":"https:\/\/lafogata.com.ar\/?p=574"},"modified":"2025-03-24T08:47:38","modified_gmt":"2025-03-24T11:47:38","slug":"memoria","status":"publish","type":"post","link":"https:\/\/lafogata.com.ar\/?p=574","title":{"rendered":"&#8220;MEMORIA&#8221;"},"content":{"rendered":"\n<p class=\"has-text-align-center has-medium-font-size\">Lo que Pas\u00f3, Pasa y Pasar\u00e1 ? <\/p>\n\n\n\n<figure class=\"wp-block-embed is-type-video is-provider-youtube wp-block-embed-youtube wp-embed-aspect-4-3 wp-has-aspect-ratio\"><div class=\"wp-block-embed__wrapper\">\n<iframe loading=\"lazy\" title=\"EMILIANO ORTOLA Y SERGIO VARGAS - VECINOS BARRIO TRANSPORTE\" width=\"640\" height=\"480\" src=\"https:\/\/www.youtube.com\/embed\/kvRAjHO4FAg?feature=oembed\" frameborder=\"0\" allow=\"accelerometer; autoplay; clipboard-write; encrypted-media; gyroscope; picture-in-picture; web-share\" referrerpolicy=\"strict-origin-when-cross-origin\" allowfullscreen><\/iframe>\n<\/div><\/figure>\n\n\n\n<p>A\u00f1o 2018 . <\/p>\n\n\n\n<p>La Memoria es definida como<strong><mark style=\"background-color:#fcb900\" class=\"has-inline-color has-black-color\"> &#8220;La capacidad de almacenar, retener y recuperar informaci\u00f3n&#8221;<\/mark><\/strong>. Es ese ejercicio el que nos permite entender que el video no es actual. Aunque los reclamos sean id\u00e9nticos, y algunos rostros tambi\u00e9n, los que habitamos esta barriada de Transporte desde hace a\u00f1os sabemos que se trata de aquel grupo de &#8220;Autoconvocados&#8221;que en Julio de 2018 reclamaban por lo mismo que reclamamos hoy . En ese momento la vecinal estaba cerrada.<\/p>\n\n\n\n<p class=\"has-medium-font-size\"><strong>Para Ejercitar la memoria .<\/strong><\/p>\n\n\n\n<figure class=\"wp-block-gallery has-nested-images columns-default is-cropped wp-block-gallery-1 is-layout-flex wp-block-gallery-is-layout-flex\">\n<figure class=\"wp-block-image size-large\"><img loading=\"lazy\" decoding=\"async\" width=\"580\" height=\"755\" data-id=\"576\" src=\"https:\/\/lafogata.com.ar\/wp-content\/uploads\/2025\/03\/2403-1-1.jpg\" alt=\"\" class=\"wp-image-576\" srcset=\"https:\/\/lafogata.com.ar\/wp-content\/uploads\/2025\/03\/2403-1-1.jpg 580w, https:\/\/lafogata.com.ar\/wp-content\/uploads\/2025\/03\/2403-1-1-230x300.jpg 230w\" sizes=\"auto, (max-width: 580px) 100vw, 580px\" \/><\/figure>\n\n\n\n<figure class=\"wp-block-image size-large\"><img loading=\"lazy\" decoding=\"async\" width=\"1014\" height=\"811\" data-id=\"577\" src=\"https:\/\/lafogata.com.ar\/wp-content\/uploads\/2025\/03\/2403-2.jpg\" alt=\"\" class=\"wp-image-577\" srcset=\"https:\/\/lafogata.com.ar\/wp-content\/uploads\/2025\/03\/2403-2.jpg 1014w, https:\/\/lafogata.com.ar\/wp-content\/uploads\/2025\/03\/2403-2-300x240.jpg 300w, https:\/\/lafogata.com.ar\/wp-content\/uploads\/2025\/03\/2403-2-768x614.jpg 768w\" sizes=\"auto, (max-width: 1014px) 100vw, 1014px\" \/><\/figure>\n\n\n\n<figure class=\"wp-block-image size-large\"><img loading=\"lazy\" decoding=\"async\" width=\"596\" height=\"690\" data-id=\"578\" src=\"https:\/\/lafogata.com.ar\/wp-content\/uploads\/2025\/03\/2403-3.jpg\" alt=\"\" class=\"wp-image-578\" srcset=\"https:\/\/lafogata.com.ar\/wp-content\/uploads\/2025\/03\/2403-3.jpg 596w, https:\/\/lafogata.com.ar\/wp-content\/uploads\/2025\/03\/2403-3-259x300.jpg 259w\" sizes=\"auto, (max-width: 596px) 100vw, 596px\" \/><\/figure>\n\n\n\n<figure class=\"wp-block-image size-large\"><img loading=\"lazy\" decoding=\"async\" width=\"665\" height=\"445\" data-id=\"579\" src=\"https:\/\/lafogata.com.ar\/wp-content\/uploads\/2025\/03\/2403-4.jpg\" alt=\"\" class=\"wp-image-579\" srcset=\"https:\/\/lafogata.com.ar\/wp-content\/uploads\/2025\/03\/2403-4.jpg 665w, https:\/\/lafogata.com.ar\/wp-content\/uploads\/2025\/03\/2403-4-300x201.jpg 300w\" sizes=\"auto, (max-width: 665px) 100vw, 665px\" \/><\/figure>\n\n\n\n<figure class=\"wp-block-image size-large\"><img loading=\"lazy\" decoding=\"async\" width=\"1024\" height=\"597\" data-id=\"580\" src=\"https:\/\/lafogata.com.ar\/wp-content\/uploads\/2025\/03\/2403-5-1024x597.jpg\" alt=\"\" class=\"wp-image-580\" srcset=\"https:\/\/lafogata.com.ar\/wp-content\/uploads\/2025\/03\/2403-5-1024x597.jpg 1024w, https:\/\/lafogata.com.ar\/wp-content\/uploads\/2025\/03\/2403-5-300x175.jpg 300w, https:\/\/lafogata.com.ar\/wp-content\/uploads\/2025\/03\/2403-5-768x448.jpg 768w, https:\/\/lafogata.com.ar\/wp-content\/uploads\/2025\/03\/2403-5.jpg 1372w\" sizes=\"auto, (max-width: 1024px) 100vw, 1024px\" \/><\/figure>\n\n\n\n<figure class=\"wp-block-image size-large\"><img loading=\"lazy\" decoding=\"async\" width=\"1024\" height=\"523\" data-id=\"581\" src=\"https:\/\/lafogata.com.ar\/wp-content\/uploads\/2025\/03\/2403-6-1024x523.jpg\" alt=\"\" class=\"wp-image-581\" srcset=\"https:\/\/lafogata.com.ar\/wp-content\/uploads\/2025\/03\/2403-6-1024x523.jpg 1024w, https:\/\/lafogata.com.ar\/wp-content\/uploads\/2025\/03\/2403-6-300x153.jpg 300w, https:\/\/lafogata.com.ar\/wp-content\/uploads\/2025\/03\/2403-6-768x392.jpg 768w, https:\/\/lafogata.com.ar\/wp-content\/uploads\/2025\/03\/2403-6.jpg 1375w\" sizes=\"auto, (max-width: 1024px) 100vw, 1024px\" \/><\/figure>\n\n\n\n<figure class=\"wp-block-image size-large\"><img loading=\"lazy\" decoding=\"async\" width=\"953\" height=\"646\" data-id=\"582\" src=\"https:\/\/lafogata.com.ar\/wp-content\/uploads\/2025\/03\/2403-7.jpg\" alt=\"\" class=\"wp-image-582\" srcset=\"https:\/\/lafogata.com.ar\/wp-content\/uploads\/2025\/03\/2403-7.jpg 953w, https:\/\/lafogata.com.ar\/wp-content\/uploads\/2025\/03\/2403-7-300x203.jpg 300w, https:\/\/lafogata.com.ar\/wp-content\/uploads\/2025\/03\/2403-7-768x521.jpg 768w\" sizes=\"auto, (max-width: 953px) 100vw, 953px\" \/><\/figure>\n\n\n\n<figure class=\"wp-block-image size-large\"><img loading=\"lazy\" decoding=\"async\" width=\"1024\" height=\"405\" data-id=\"583\" src=\"https:\/\/lafogata.com.ar\/wp-content\/uploads\/2025\/03\/2403-8-1024x405.jpg\" alt=\"\" class=\"wp-image-583\" srcset=\"https:\/\/lafogata.com.ar\/wp-content\/uploads\/2025\/03\/2403-8-1024x405.jpg 1024w, https:\/\/lafogata.com.ar\/wp-content\/uploads\/2025\/03\/2403-8-300x119.jpg 300w, https:\/\/lafogata.com.ar\/wp-content\/uploads\/2025\/03\/2403-8-768x303.jpg 768w, https:\/\/lafogata.com.ar\/wp-content\/uploads\/2025\/03\/2403-8.jpg 1296w\" sizes=\"auto, (max-width: 1024px) 100vw, 1024px\" \/><\/figure>\n\n\n\n<figure class=\"wp-block-image size-large\"><img loading=\"lazy\" decoding=\"async\" width=\"1024\" height=\"642\" data-id=\"584\" src=\"https:\/\/lafogata.com.ar\/wp-content\/uploads\/2025\/03\/2403-9-1024x642.jpg\" alt=\"\" class=\"wp-image-584\" srcset=\"https:\/\/lafogata.com.ar\/wp-content\/uploads\/2025\/03\/2403-9-1024x642.jpg 1024w, https:\/\/lafogata.com.ar\/wp-content\/uploads\/2025\/03\/2403-9-300x188.jpg 300w, https:\/\/lafogata.com.ar\/wp-content\/uploads\/2025\/03\/2403-9-768x482.jpg 768w, https:\/\/lafogata.com.ar\/wp-content\/uploads\/2025\/03\/2403-9-540x340.jpg 540w, https:\/\/lafogata.com.ar\/wp-content\/uploads\/2025\/03\/2403-9-400x250.jpg 400w, https:\/\/lafogata.com.ar\/wp-content\/uploads\/2025\/03\/2403-9.jpg 1062w\" sizes=\"auto, (max-width: 1024px) 100vw, 1024px\" \/><\/figure>\n\n\n\n<figure class=\"wp-block-image size-large\"><img loading=\"lazy\" decoding=\"async\" width=\"978\" height=\"676\" data-id=\"585\" src=\"https:\/\/lafogata.com.ar\/wp-content\/uploads\/2025\/03\/2403-10.jpg\" alt=\"\" class=\"wp-image-585\" srcset=\"https:\/\/lafogata.com.ar\/wp-content\/uploads\/2025\/03\/2403-10.jpg 978w, https:\/\/lafogata.com.ar\/wp-content\/uploads\/2025\/03\/2403-10-300x207.jpg 300w, https:\/\/lafogata.com.ar\/wp-content\/uploads\/2025\/03\/2403-10-768x531.jpg 768w\" sizes=\"auto, (max-width: 978px) 100vw, 978px\" \/><\/figure>\n\n\n\n<figure class=\"wp-block-image size-large\"><img loading=\"lazy\" decoding=\"async\" width=\"1024\" height=\"441\" data-id=\"586\" src=\"https:\/\/lafogata.com.ar\/wp-content\/uploads\/2025\/03\/2403-11-1024x441.jpg\" alt=\"\" class=\"wp-image-586\" srcset=\"https:\/\/lafogata.com.ar\/wp-content\/uploads\/2025\/03\/2403-11-1024x441.jpg 1024w, https:\/\/lafogata.com.ar\/wp-content\/uploads\/2025\/03\/2403-11-300x129.jpg 300w, https:\/\/lafogata.com.ar\/wp-content\/uploads\/2025\/03\/2403-11-768x331.jpg 768w, https:\/\/lafogata.com.ar\/wp-content\/uploads\/2025\/03\/2403-11.jpg 1391w\" sizes=\"auto, (max-width: 1024px) 100vw, 1024px\" \/><\/figure>\n\n\n\n<figure class=\"wp-block-image size-large\"><img loading=\"lazy\" decoding=\"async\" width=\"1024\" height=\"700\" data-id=\"587\" src=\"https:\/\/lafogata.com.ar\/wp-content\/uploads\/2025\/03\/2403-12-1024x700.jpg\" alt=\"\" class=\"wp-image-587\" srcset=\"https:\/\/lafogata.com.ar\/wp-content\/uploads\/2025\/03\/2403-12-1024x700.jpg 1024w, https:\/\/lafogata.com.ar\/wp-content\/uploads\/2025\/03\/2403-12-300x205.jpg 300w, https:\/\/lafogata.com.ar\/wp-content\/uploads\/2025\/03\/2403-12-768x525.jpg 768w, https:\/\/lafogata.com.ar\/wp-content\/uploads\/2025\/03\/2403-12.jpg 1111w\" sizes=\"auto, (max-width: 1024px) 100vw, 1024px\" \/><\/figure>\n<\/figure>\n\n\n\n<p class=\"has-medium-font-size\"><strong>Memoria Colectiva<\/strong><\/p>\n\n\n\n<p>El <mark style=\"background-color:#fcb900\" class=\"has-inline-color has-black-color\">conjunto de recuerdos, conocimientos e informaci\u00f3n que compartimos como habitantes de este Barrio<\/mark> es  definido como &#8220;MEMORIA COLECTIVA&#8221; y nos permite entre otras cosas expresar opiniones sobre situaciones actuales como las vertidas ayer Domingo 23, en un grupo de WhatsApp de vecinos.<\/p>\n\n\n\n<figure class=\"wp-block-image size-full is-resized\"><img loading=\"lazy\" decoding=\"async\" width=\"176\" height=\"148\" src=\"https:\/\/lafogata.com.ar\/wp-content\/uploads\/2025\/03\/whatsapp.png\" alt=\"\" class=\"wp-image-588\" style=\"width:63px;height:auto\"\/><\/figure>\n\n\n\n<p class=\"has-medium-font-size\">.<em>.&#8221;Olvidate, lo que est\u00e1n haciendo en endulzar despues de los reclamos&#8230;&#8221;<\/em><\/p>\n\n\n\n<p class=\"has-medium-font-size\"><em>&#8220;..Ahora ya va a andar seguro un candidato para tratar de convencer &#8220;<\/em><\/p>\n\n\n\n<p class=\"has-medium-font-size\"><em>&#8220;As\u00ed estamos por aceptar siempre piedritas de colores&#8221;<\/em><\/p>\n\n\n\n<figure class=\"wp-block-image aligncenter size-full\"><img loading=\"lazy\" decoding=\"async\" width=\"827\" height=\"325\" src=\"https:\/\/lafogata.com.ar\/wp-content\/uploads\/2025\/03\/PARTICIPACION.jpg\" alt=\"\" class=\"wp-image-589\" srcset=\"https:\/\/lafogata.com.ar\/wp-content\/uploads\/2025\/03\/PARTICIPACION.jpg 827w, https:\/\/lafogata.com.ar\/wp-content\/uploads\/2025\/03\/PARTICIPACION-300x118.jpg 300w, https:\/\/lafogata.com.ar\/wp-content\/uploads\/2025\/03\/PARTICIPACION-768x302.jpg 768w\" sizes=\"auto, (max-width: 827px) 100vw, 827px\" \/><\/figure>\n\n\n\n<p class=\"has-medium-font-size\"><strong><mark style=\"background-color:#8ed1fc\" class=\"has-inline-color has-black-color\">La Memoria como herramienta de cambios<\/mark><\/strong><\/p>\n\n\n\n<p>Es esa MEMORIA COLECTIVA la que nos permite entender que los cambios no vienen de la mano de &#8220;representantes&#8221; si no de la participaci\u00f3n activa de cada uno de los habitantes de este Barrio. <\/p>\n\n\n\n<p class=\"has-medium-font-size\"><mark style=\"background-color:#fcb900\" class=\"has-inline-color has-black-color\">Es compartiendo las distintas problem\u00e1ticas por las que atravezamos en cada sector de Transporte y dise\u00f1ando, entre todos, las estrategias para superarlas, el camino para dejar de ser ese &#8220;Barrio Olvidado&#8221; que en ocasiones es contratado como &#8221; extra&#8221; para aplaudir la pel\u00edcula que ya tenemos guardada en la memoria.<\/mark><\/p>\n\n\n\n<p>24 de Marzo, D\u00eda de la la memoria.<\/p>\n\n\n\n<figure class=\"wp-block-audio\"><audio controls src=\"https:\/\/lafogata.com.ar\/wp-content\/uploads\/2025\/03\/la-memoria.mp3\" autoplay loop><\/audio><\/figure>\n\n\n\n<p><\/p>\n","protected":false},"excerpt":{"rendered":"<p>Lo que Pas\u00f3, Pasa y Pasar\u00e1 ? A\u00f1o 2018 . La Memoria es definida como&#8230;<\/p>\n","protected":false},"author":2,"featured_media":571,"comment_status":"open","ping_status":"open","sticky":false,"template":"","format":"standard","meta":{"om_disable_all_campaigns":false,"_monsterinsights_skip_tracking":false,"_monsterinsights_sitenote_active":false,"_monsterinsights_sitenote_note":"","_monsterinsights_sitenote_category":0,"footnotes":""},"categories":[2],"tags":[],"class_list":["post-574","post","type-post","status-publish","format-standard","has-post-thumbnail","hentry","category-desde-la-fogata"],"aioseo_notices":[],"_links":{"self":[{"href":"https:\/\/lafogata.com.ar\/index.php?rest_route=\/wp\/v2\/posts\/574","targetHints":{"allow":["GET"]}}],"collection":[{"href":"https:\/\/lafogata.com.ar\/index.php?rest_route=\/wp\/v2\/posts"}],"about":[{"href":"https:\/\/lafogata.com.ar\/index.php?rest_route=\/wp\/v2\/types\/post"}],"author":[{"embeddable":true,"href":"https:\/\/lafogata.com.ar\/index.php?rest_route=\/wp\/v2\/users\/2"}],"replies":[{"embeddable":true,"href":"https:\/\/lafogata.com.ar\/index.php?rest_route=%2Fwp%2Fv2%2Fcomments&post=574"}],"version-history":[{"count":6,"href":"https:\/\/lafogata.com.ar\/index.php?rest_route=\/wp\/v2\/posts\/574\/revisions"}],"predecessor-version":[{"id":600,"href":"https:\/\/lafogata.com.ar\/index.php?rest_route=\/wp\/v2\/posts\/574\/revisions\/600"}],"wp:featuredmedia":[{"embeddable":true,"href":"https:\/\/lafogata.com.ar\/index.php?rest_route=\/wp\/v2\/media\/571"}],"wp:attachment":[{"href":"https:\/\/lafogata.com.ar\/index.php?rest_route=%2Fwp%2Fv2%2Fmedia&parent=574"}],"wp:term":[{"taxonomy":"category","embeddable":true,"href":"https:\/\/lafogata.com.ar\/index.php?rest_route=%2Fwp%2Fv2%2Fcategories&post=574"},{"taxonomy":"post_tag","embeddable":true,"href":"https:\/\/lafogata.com.ar\/index.php?rest_route=%2Fwp%2Fv2%2Ftags&post=574"}],"curies":[{"name":"wp","href":"https:\/\/api.w.org\/{rel}","templated":true}]}}