{"id":602,"date":"2025-05-31T06:15:28","date_gmt":"2025-05-31T09:15:28","guid":{"rendered":"https:\/\/lafogata.com.ar\/?p=602"},"modified":"2025-05-31T06:27:09","modified_gmt":"2025-05-31T09:27:09","slug":"conmemorar-sin-festejar","status":"publish","type":"post","link":"https:\/\/lafogata.com.ar\/?p=602","title":{"rendered":"&#8220;Conmemorar sin Festejar&#8221;"},"content":{"rendered":"\n<figure class=\"wp-block-image aligncenter size-full is-resized\"><img loading=\"lazy\" decoding=\"async\" width=\"612\" height=\"408\" src=\"https:\/\/lafogata.com.ar\/wp-content\/uploads\/2025\/05\/festejo.jpg\" alt=\"\" class=\"wp-image-603\" style=\"width:253px;height:auto\" srcset=\"https:\/\/lafogata.com.ar\/wp-content\/uploads\/2025\/05\/festejo.jpg 612w, https:\/\/lafogata.com.ar\/wp-content\/uploads\/2025\/05\/festejo-300x200.jpg 300w\" sizes=\"auto, (max-width: 612px) 100vw, 612px\" \/><\/figure>\n\n\n\n<p class=\"has-black-color has-luminous-vivid-amber-background-color has-text-color has-background has-link-color has-medium-font-size wp-elements-d1f45bf0e0489a1286c263bada60b999\">No est\u00e1 de m\u00e1s festejar. El problema tal vez radica en contextuar los festejos para que estos no se conviertan en distracci\u00f3n boba.<\/p>\n\n\n\n<p>A lo largo de nuestra historia como sociedad muchos festejos sirvieron y sirven para ocultar acontecimientos peligrosos.<\/p>\n\n\n\n<p>-Festejamos el mundial de f\u00fatbol de 1978 mientras el Pa\u00eds atravesaba la dictadura y el genocidio.<\/p>\n\n\n\n<p>-Festejamos el d\u00eda de la mujer, a pesar de que cada 8 de Marzo se recuerda el a\u00f1o 1908 cuando 129 mujeres que reclamaban mejoras laborales murieron incendiadas en el interior de una f\u00e1brica.<\/p>\n\n\n\n<p>-Festejamos el d\u00eda del trabajador siendo que la fecha fue establecida en conmemoraci\u00f3n de la decena de muertos y heridos acontecida un 1\u00b0 de Mayo de 1886 luego de la represi\u00f3n sufrida por obreros que reclamaban ser reconocidos por su labor bajo el lema&nbsp; &nbsp;\u201c<strong>Ocho horas para el trabajo, ocho para el sue\u00f1o y ocho para la casa<\/strong>\u201d.<\/p>\n\n\n\n<figure class=\"wp-block-image aligncenter size-full is-resized\"><img loading=\"lazy\" decoding=\"async\" width=\"224\" height=\"224\" src=\"https:\/\/lafogata.com.ar\/wp-content\/uploads\/2025\/05\/descarga.jpg\" alt=\"\" class=\"wp-image-604\" style=\"width:152px;height:auto\" srcset=\"https:\/\/lafogata.com.ar\/wp-content\/uploads\/2025\/05\/descarga.jpg 224w, https:\/\/lafogata.com.ar\/wp-content\/uploads\/2025\/05\/descarga-150x150.jpg 150w\" sizes=\"auto, (max-width: 224px) 100vw, 224px\" \/><\/figure>\n\n\n\n<p>&#8221; CONMEMORAR&#8221;<\/p>\n\n\n\n<p>La principal diferencia entre &#8220;festejar &#8221; y &#8220;conmemorar&#8221; radica en su enfoque:&nbsp;&#8220;festejar &#8221; implica un&nbsp; acto de alegr\u00eda, mientras que &#8220;conmemorar&#8221; implica recordar , evaluar , actualizar hechos pasados.<\/p>\n\n\n\n<p class=\"has-medium-font-size\"><strong>El festejo distrae, la conmemoraci\u00f3n interpela , cuestiona, compromete.<\/strong><\/p>\n\n\n\n<figure class=\"wp-block-image aligncenter size-large is-resized\"><img loading=\"lazy\" decoding=\"async\" width=\"1024\" height=\"461\" src=\"https:\/\/lafogata.com.ar\/wp-content\/uploads\/2025\/05\/WhatsApp-Image-2025-05-28-at-19.06.54-1024x461.jpeg\" alt=\"\" class=\"wp-image-605\" style=\"width:266px;height:auto\" srcset=\"https:\/\/lafogata.com.ar\/wp-content\/uploads\/2025\/05\/WhatsApp-Image-2025-05-28-at-19.06.54-1024x461.jpeg 1024w, https:\/\/lafogata.com.ar\/wp-content\/uploads\/2025\/05\/WhatsApp-Image-2025-05-28-at-19.06.54-300x135.jpeg 300w, https:\/\/lafogata.com.ar\/wp-content\/uploads\/2025\/05\/WhatsApp-Image-2025-05-28-at-19.06.54-768x346.jpeg 768w, https:\/\/lafogata.com.ar\/wp-content\/uploads\/2025\/05\/WhatsApp-Image-2025-05-28-at-19.06.54-1536x691.jpeg 1536w, https:\/\/lafogata.com.ar\/wp-content\/uploads\/2025\/05\/WhatsApp-Image-2025-05-28-at-19.06.54-rotated.jpeg 1600w\" sizes=\"auto, (max-width: 1024px) 100vw, 1024px\" \/><\/figure>\n\n\n\n<p>&#8221; La Fogata&#8221; se apronta a CONMEMORAR diez a\u00f1os de existencia. Un medio de comunicaci\u00f3n alternativo que naci\u00f3 con el objetivo de convertirse en una herramienta en manos de la comunidad. <\/p>\n\n\n\n<p>Es esa conmemoraci\u00f3n la que nos conduce a evaluar si <strong><mark style=\"background-color:#fcb900\" class=\"has-inline-color\">&#8220;Los Objetivos fundantes de est\u00e1n cumpliendo&#8221;<\/mark><\/strong>, <mark style=\"background-color:#fcb900\" class=\"has-inline-color\">&#8220;Que cosas modificar?<\/mark> , <mark style=\"background-color:#fcb900\" class=\"has-inline-color has-black-color\">&#8221; Que proyecto de trabajo implementar ?<\/mark> , etc,etc.<\/p>\n\n\n\n<p>Una evaluaci\u00f3n que toda Instituci\u00f3n comprometida con una comunidad deber\u00eda realizar en cada cierre de ciclo para evitar caer en los festejos vacios de conmemoraci\u00f3n.<\/p>\n\n\n\n<figure class=\"wp-block-image aligncenter size-large is-resized\"><img loading=\"lazy\" decoding=\"async\" width=\"1024\" height=\"461\" src=\"https:\/\/lafogata.com.ar\/wp-content\/uploads\/2025\/05\/WhatsApp-Image-2025-05-29-at-04.20.04-1024x461.jpeg\" alt=\"\" class=\"wp-image-607\" style=\"width:495px;height:auto\" srcset=\"https:\/\/lafogata.com.ar\/wp-content\/uploads\/2025\/05\/WhatsApp-Image-2025-05-29-at-04.20.04-1024x461.jpeg 1024w, https:\/\/lafogata.com.ar\/wp-content\/uploads\/2025\/05\/WhatsApp-Image-2025-05-29-at-04.20.04-300x135.jpeg 300w, https:\/\/lafogata.com.ar\/wp-content\/uploads\/2025\/05\/WhatsApp-Image-2025-05-29-at-04.20.04-768x346.jpeg 768w, https:\/\/lafogata.com.ar\/wp-content\/uploads\/2025\/05\/WhatsApp-Image-2025-05-29-at-04.20.04-1536x691.jpeg 1536w, https:\/\/lafogata.com.ar\/wp-content\/uploads\/2025\/05\/WhatsApp-Image-2025-05-29-at-04.20.04.jpeg 1600w\" sizes=\"auto, (max-width: 1024px) 100vw, 1024px\" \/><\/figure>\n\n\n\n<p><strong>CONTEXTO<\/strong><\/p>\n\n\n\n<p class=\"has-pale-cyan-blue-background-color has-background\"><strong>La CONMEMORACI\u00d3N tiene un CONTEXTO.<\/strong><\/p>\n\n\n\n<p class=\"has-medium-font-size\"><mark style=\"background-color:#fcb900\" class=\"has-inline-color has-black-color\"><strong>Un Barrio donde sus habitantes deben esperar a la interperie , con bajas temperaturas y en horarios inseguros ser atendidos por alg\u00fan profesional del centro de salud.<\/strong><\/mark><\/p>\n\n\n\n<p class=\"has-medium-font-size\"><mark style=\"background-color:#fcb900\" class=\"has-inline-color has-black-color\"><strong>Un Barrio donde el asfalto inconsulto ya se llev\u00f3 una vida porque no existen se\u00f1alamientos ni control.<\/strong><\/mark><\/p>\n\n\n\n<p class=\"has-medium-font-size\"><strong><mark style=\"background-color:#fcb900\" class=\"has-inline-color has-black-color\">Un Barrio sin Cloacas<\/mark><\/strong>.<\/p>\n\n\n\n<p class=\"has-medium-font-size\"><strong><mark style=\"background-color:#fcb900\" class=\"has-inline-color has-black-color\">Un Barrio sin escuela p\u00fablica en su radio.<\/mark><\/strong><\/p>\n\n\n\n<p>Son esas realidades las que afloran desde la Conmemoraci\u00f3n de un a\u00f1o m\u00e1s de &#8220;La Fogata&#8221; y por ello nos compromete y nos interpela a seguir trabajando y creando nuevas formas .<\/p>\n\n\n\n<p class=\"has-medium-font-size\"><strong>Dar la Voz<\/strong><\/p>\n\n\n\n<figure class=\"wp-block-image aligncenter size-large is-resized\"><img loading=\"lazy\" decoding=\"async\" width=\"1024\" height=\"461\" src=\"https:\/\/lafogata.com.ar\/wp-content\/uploads\/2025\/05\/WhatsApp-Image-2025-05-29-at-04.20.04-1-1024x461.jpeg\" alt=\"\" class=\"wp-image-611\" style=\"width:335px;height:auto\" srcset=\"https:\/\/lafogata.com.ar\/wp-content\/uploads\/2025\/05\/WhatsApp-Image-2025-05-29-at-04.20.04-1-1024x461.jpeg 1024w, https:\/\/lafogata.com.ar\/wp-content\/uploads\/2025\/05\/WhatsApp-Image-2025-05-29-at-04.20.04-1-300x135.jpeg 300w, https:\/\/lafogata.com.ar\/wp-content\/uploads\/2025\/05\/WhatsApp-Image-2025-05-29-at-04.20.04-1-768x346.jpeg 768w, https:\/\/lafogata.com.ar\/wp-content\/uploads\/2025\/05\/WhatsApp-Image-2025-05-29-at-04.20.04-1-1536x691.jpeg 1536w, https:\/\/lafogata.com.ar\/wp-content\/uploads\/2025\/05\/WhatsApp-Image-2025-05-29-at-04.20.04-1.jpeg 1600w\" sizes=\"auto, (max-width: 1024px) 100vw, 1024px\" \/><\/figure>\n\n\n\n<figure class=\"wp-block-audio\"><audio controls src=\"https:\/\/lafogata.com.ar\/wp-content\/uploads\/2025\/05\/sit-1.mp3\"><\/audio><\/figure>\n\n\n\n<p>Las comunidades TIENEN VOZ, hablan los comentarios, hablan los comportamientos. La NO PARTICIPACI\u00d3N es una Voz que molesta y que muchas veces no es tenida en cuenta porque<em><strong><mark style=\"background-color:rgba(0, 0, 0, 0)\" class=\"has-inline-color has-vivid-red-color\"> la &#8221; garganta de una comunidad&#8221;grita disconformidad y clama cambios profundos rompiendo la ilusoria paz sonora que generan los flautistas.<\/mark><\/strong><\/em><\/p>\n\n\n\n<figure class=\"wp-block-image aligncenter size-full is-resized\"><img loading=\"lazy\" decoding=\"async\" width=\"225\" height=\"225\" src=\"http:\/\/lafogata.com.ar\/wp-content\/uploads\/2025\/05\/images.png\" alt=\"\" class=\"wp-image-613\" style=\"width:99px;height:auto\" srcset=\"https:\/\/lafogata.com.ar\/wp-content\/uploads\/2025\/05\/images.png 225w, https:\/\/lafogata.com.ar\/wp-content\/uploads\/2025\/05\/images-150x150.png 150w\" sizes=\"auto, (max-width: 225px) 100vw, 225px\" \/><\/figure>\n\n\n\n<p>CONMEMORAMOS un a\u00f1o m\u00e1s y retornamos con m\u00e1s compromiso , con m\u00e1s personas en un equipo que Hoy m\u00e1s que nunca cree que NO HAY QUE FESTEJAR TANTO y comenzar a andar.<\/p>\n","protected":false},"excerpt":{"rendered":"<p>No est\u00e1 de m\u00e1s festejar. El problema tal vez radica en contextuar los festejos para&#8230;<\/p>\n","protected":false},"author":2,"featured_media":607,"comment_status":"open","ping_status":"open","sticky":false,"template":"","format":"standard","meta":{"om_disable_all_campaigns":false,"_monsterinsights_skip_tracking":false,"_monsterinsights_sitenote_active":false,"_monsterinsights_sitenote_note":"","_monsterinsights_sitenote_category":0,"footnotes":""},"categories":[2],"tags":[],"class_list":["post-602","post","type-post","status-publish","format-standard","has-post-thumbnail","hentry","category-desde-la-fogata"],"aioseo_notices":[],"_links":{"self":[{"href":"https:\/\/lafogata.com.ar\/index.php?rest_route=\/wp\/v2\/posts\/602","targetHints":{"allow":["GET"]}}],"collection":[{"href":"https:\/\/lafogata.com.ar\/index.php?rest_route=\/wp\/v2\/posts"}],"about":[{"href":"https:\/\/lafogata.com.ar\/index.php?rest_route=\/wp\/v2\/types\/post"}],"author":[{"embeddable":true,"href":"https:\/\/lafogata.com.ar\/index.php?rest_route=\/wp\/v2\/users\/2"}],"replies":[{"embeddable":true,"href":"https:\/\/lafogata.com.ar\/index.php?rest_route=%2Fwp%2Fv2%2Fcomments&post=602"}],"version-history":[{"count":9,"href":"https:\/\/lafogata.com.ar\/index.php?rest_route=\/wp\/v2\/posts\/602\/revisions"}],"predecessor-version":[{"id":621,"href":"https:\/\/lafogata.com.ar\/index.php?rest_route=\/wp\/v2\/posts\/602\/revisions\/621"}],"wp:featuredmedia":[{"embeddable":true,"href":"https:\/\/lafogata.com.ar\/index.php?rest_route=\/wp\/v2\/media\/607"}],"wp:attachment":[{"href":"https:\/\/lafogata.com.ar\/index.php?rest_route=%2Fwp%2Fv2%2Fmedia&parent=602"}],"wp:term":[{"taxonomy":"category","embeddable":true,"href":"https:\/\/lafogata.com.ar\/index.php?rest_route=%2Fwp%2Fv2%2Fcategories&post=602"},{"taxonomy":"post_tag","embeddable":true,"href":"https:\/\/lafogata.com.ar\/index.php?rest_route=%2Fwp%2Fv2%2Ftags&post=602"}],"curies":[{"name":"wp","href":"https:\/\/api.w.org\/{rel}","templated":true}]}}