{"id":676,"date":"2026-01-04T10:49:24","date_gmt":"2026-01-04T13:49:24","guid":{"rendered":"https:\/\/lafogata.com.ar\/?p=676"},"modified":"2026-01-04T11:04:56","modified_gmt":"2026-01-04T14:04:56","slug":"la-cultura-genera-vinculos","status":"publish","type":"post","link":"https:\/\/lafogata.com.ar\/?p=676","title":{"rendered":"La cultura genera v\u00ednculos"},"content":{"rendered":"\n<p>Segunda &#8220;Nochecita desde la ra\u00edz<\/p>\n\n\n\n<figure class=\"wp-block-image aligncenter size-large is-resized\"><img loading=\"lazy\" decoding=\"async\" width=\"1024\" height=\"576\" src=\"https:\/\/lafogata.com.ar\/wp-content\/uploads\/2026\/01\/WhatsApp-Image-2026-01-04-at-10.32.28-1024x576.jpeg\" alt=\"\" class=\"wp-image-677\" style=\"aspect-ratio:1.7778047848883642;width:444px;height:auto\" srcset=\"https:\/\/lafogata.com.ar\/wp-content\/uploads\/2026\/01\/WhatsApp-Image-2026-01-04-at-10.32.28-1024x576.jpeg 1024w, https:\/\/lafogata.com.ar\/wp-content\/uploads\/2026\/01\/WhatsApp-Image-2026-01-04-at-10.32.28-300x169.jpeg 300w, https:\/\/lafogata.com.ar\/wp-content\/uploads\/2026\/01\/WhatsApp-Image-2026-01-04-at-10.32.28-768x432.jpeg 768w, https:\/\/lafogata.com.ar\/wp-content\/uploads\/2026\/01\/WhatsApp-Image-2026-01-04-at-10.32.28-1536x864.jpeg 1536w, https:\/\/lafogata.com.ar\/wp-content\/uploads\/2026\/01\/WhatsApp-Image-2026-01-04-at-10.32.28.jpeg 1600w\" sizes=\"auto, (max-width: 1024px) 100vw, 1024px\" \/><\/figure>\n\n\n\n<p>No era casual. En el escenario principal la \u201cWiphala\u201drecordaba la ARMON\u00cdA, UNIDAD, y DIVERSIDAD de los Pueblos andinos , mientras que en un cartel se pod\u00edan leer frases opositoras a la \u201cinauguraci\u00f3n del IMPERIALISMO del Nuevo siglo \u201cllevado a cabo por el presidente de EE.UU y celebrado por colonizados, entre ellos el primer mandatario argentino.<\/p>\n\n\n\n<figure class=\"wp-block-image aligncenter size-large is-resized\"><img loading=\"lazy\" decoding=\"async\" width=\"720\" height=\"720\" src=\"https:\/\/lafogata.com.ar\/wp-content\/uploads\/2026\/01\/WhatsApp-Image-2026-01-04-at-10.06.24-1-edited.jpeg\" alt=\"\" class=\"wp-image-680\" style=\"width:362px;height:auto\" srcset=\"https:\/\/lafogata.com.ar\/wp-content\/uploads\/2026\/01\/WhatsApp-Image-2026-01-04-at-10.06.24-1-edited.jpeg 720w, https:\/\/lafogata.com.ar\/wp-content\/uploads\/2026\/01\/WhatsApp-Image-2026-01-04-at-10.06.24-1-edited-300x300.jpeg 300w, https:\/\/lafogata.com.ar\/wp-content\/uploads\/2026\/01\/WhatsApp-Image-2026-01-04-at-10.06.24-1-edited-150x150.jpeg 150w\" sizes=\"auto, (max-width: 720px) 100vw, 720px\" \/><\/figure>\n\n\n\n<p>El fog\u00f3n ard\u00eda en el medio de ese lugar, que seg\u00fan cont\u00f3 el Erni un rato despu\u00e9s, ten\u00eda \u201chistorias de encuentro y festejo\u201d.<\/p>\n\n\n\n<p>Un fuego que no era solo para correr el fresquito que se hac\u00eda presente sino que \u201crepresentaba el encuentro, la energ\u00eda, la fuerza \u201ccomo explicaba en el arranque \u201cla todo terreno Marina Roberto \u201cque condujo, sorte\u00f3 t\u00f3mbolas y solucion\u00f3 algunos problemitas t\u00e9cnicos.<\/p>\n\n\n\n<figure class=\"wp-block-image aligncenter size-large is-resized\"><img loading=\"lazy\" decoding=\"async\" width=\"960\" height=\"960\" src=\"https:\/\/lafogata.com.ar\/wp-content\/uploads\/2026\/01\/WhatsApp-Image-2026-01-04-at-10.05.31-edited.jpeg\" alt=\"\" class=\"wp-image-682\" style=\"width:362px;height:auto\" srcset=\"https:\/\/lafogata.com.ar\/wp-content\/uploads\/2026\/01\/WhatsApp-Image-2026-01-04-at-10.05.31-edited.jpeg 960w, https:\/\/lafogata.com.ar\/wp-content\/uploads\/2026\/01\/WhatsApp-Image-2026-01-04-at-10.05.31-edited-300x300.jpeg 300w, https:\/\/lafogata.com.ar\/wp-content\/uploads\/2026\/01\/WhatsApp-Image-2026-01-04-at-10.05.31-edited-150x150.jpeg 150w, https:\/\/lafogata.com.ar\/wp-content\/uploads\/2026\/01\/WhatsApp-Image-2026-01-04-at-10.05.31-edited-768x768.jpeg 768w\" sizes=\"auto, (max-width: 960px) 100vw, 960px\" \/><\/figure>\n\n\n\n<p>Fue Jorge Blanche quien, con los primeros acordes, le dio inicio a la segunda \u201cNochecita desde la ra\u00edz\u201d , esta nueva propuesta cultural que trasciende las diferentes iniciativas festivaleras que acontecen en el territorio porque en ella el \u201cespectador se transforma en protagonista \u201cy este es tal vez el anhelo que sus mentores enviaron al fuego como ofrenda .<\/p>\n\n\n\n<p>Continuaron animando la nochecita el grupo Zambra que fue aplaudido por Do\u00f1a Manuela desde el cielo porque otra vez los bailarines levantaban tierra en el lugar de encuentro.<\/p>\n\n\n\n<figure class=\"wp-block-image aligncenter size-large is-resized\"><img loading=\"lazy\" decoding=\"async\" width=\"720\" height=\"720\" src=\"https:\/\/lafogata.com.ar\/wp-content\/uploads\/2026\/01\/WhatsApp-Image-2026-01-04-at-10.06.24-1-1-edited.jpeg\" alt=\"\" class=\"wp-image-684\" style=\"width:386px;height:auto\" srcset=\"https:\/\/lafogata.com.ar\/wp-content\/uploads\/2026\/01\/WhatsApp-Image-2026-01-04-at-10.06.24-1-1-edited.jpeg 720w, https:\/\/lafogata.com.ar\/wp-content\/uploads\/2026\/01\/WhatsApp-Image-2026-01-04-at-10.06.24-1-1-edited-300x300.jpeg 300w, https:\/\/lafogata.com.ar\/wp-content\/uploads\/2026\/01\/WhatsApp-Image-2026-01-04-at-10.06.24-1-1-edited-150x150.jpeg 150w\" sizes=\"auto, (max-width: 720px) 100vw, 720px\" \/><\/figure>\n\n\n\n<p>El cierre a cargo del Chaj\u00e1 Retamoso funcion\u00f3 como inicio de una nueva noche que seguramente pronto tendr\u00e1 fecha.<\/p>\n\n\n\n<p class=\"has-luminous-vivid-amber-background-color has-background has-medium-font-size\"><strong>Fue el Erni ( Ernesto Macedo) quien, con la humildad que lo caracteriza, sintetiz\u00f3 el esp\u00edritu de esta propuesta :<\/strong><\/p>\n\n\n\n<figure class=\"wp-block-image aligncenter size-full is-resized\"><img loading=\"lazy\" decoding=\"async\" width=\"720\" height=\"720\" src=\"http:\/\/lafogata.com.ar\/wp-content\/uploads\/2025\/12\/WhatsApp-Image-2025-12-06-at-11.27.37-edited.jpeg\" alt=\"\" class=\"wp-image-654\" style=\"width:247px;height:auto\" srcset=\"https:\/\/lafogata.com.ar\/wp-content\/uploads\/2025\/12\/WhatsApp-Image-2025-12-06-at-11.27.37-edited.jpeg 720w, https:\/\/lafogata.com.ar\/wp-content\/uploads\/2025\/12\/WhatsApp-Image-2025-12-06-at-11.27.37-edited-300x300.jpeg 300w, https:\/\/lafogata.com.ar\/wp-content\/uploads\/2025\/12\/WhatsApp-Image-2025-12-06-at-11.27.37-edited-150x150.jpeg 150w\" sizes=\"auto, (max-width: 720px) 100vw, 720px\" \/><\/figure>\n\n\n\n<p class=\"has-black-color has-pale-cyan-blue-background-color has-text-color has-background has-link-color has-medium-font-size wp-elements-cb16b190f16cf58deaaecf771f279fea\">\u201c Estoy emocionado &nbsp;porque en este lugar pasaron cosas, hubo encuentro, hubo baile y fiesta tambi\u00e9n. Aqu\u00ed est\u00e1 la cultura, y la cultura es trabajo y genera V\u00ednculos\u201d<\/p>\n\n\n\n<figure class=\"wp-block-image size-large\"><img loading=\"lazy\" decoding=\"async\" width=\"1024\" height=\"576\" src=\"http:\/\/lafogata.com.ar\/wp-content\/uploads\/2026\/01\/WhatsApp-Image-2026-01-04-at-10.32.28-1024x576.jpeg\" alt=\"\" class=\"wp-image-677\" srcset=\"https:\/\/lafogata.com.ar\/wp-content\/uploads\/2026\/01\/WhatsApp-Image-2026-01-04-at-10.32.28-1024x576.jpeg 1024w, https:\/\/lafogata.com.ar\/wp-content\/uploads\/2026\/01\/WhatsApp-Image-2026-01-04-at-10.32.28-300x169.jpeg 300w, https:\/\/lafogata.com.ar\/wp-content\/uploads\/2026\/01\/WhatsApp-Image-2026-01-04-at-10.32.28-768x432.jpeg 768w, https:\/\/lafogata.com.ar\/wp-content\/uploads\/2026\/01\/WhatsApp-Image-2026-01-04-at-10.32.28-1536x864.jpeg 1536w, https:\/\/lafogata.com.ar\/wp-content\/uploads\/2026\/01\/WhatsApp-Image-2026-01-04-at-10.32.28.jpeg 1600w\" sizes=\"auto, (max-width: 1024px) 100vw, 1024px\" \/><\/figure>\n\n\n\n<p class=\"has-vivid-red-color has-text-color has-link-color has-medium-font-size wp-elements-9e2c5f84a81787fd90824ebde041a159\">Las propuestas de cambio crecen desde el pie. El pasado 25 el pueblo creyente celebraba el nacimiento del hombre que cambiar\u00eda la historia de la humanidad hecho que tuvo lugar en un humilde pesebre\u2019<\/p>\n\n\n\n<p class=\"has-vivid-red-color has-text-color has-link-color has-medium-font-size wp-elements-4f4e1f6eba78adb4fc41dcac02653154\">Tal vez la ra\u00edz de esos cambios necesite para alimentarse tierra simple, con el abono de la cultura, la solidaridad y los v\u00ednculos que ya se empezaron a crearse en Arroyo Leyes<\/p>\n\n\n\n<p><\/p>\n","protected":false},"excerpt":{"rendered":"<p>Segunda &#8220;Nochecita desde la ra\u00edz No era casual. En el escenario principal la \u201cWiphala\u201drecordaba la&#8230;<\/p>\n","protected":false},"author":2,"featured_media":681,"comment_status":"open","ping_status":"open","sticky":false,"template":"","format":"standard","meta":{"om_disable_all_campaigns":false,"_monsterinsights_skip_tracking":false,"_monsterinsights_sitenote_active":false,"_monsterinsights_sitenote_note":"","_monsterinsights_sitenote_category":0,"footnotes":""},"categories":[2],"tags":[],"class_list":["post-676","post","type-post","status-publish","format-standard","has-post-thumbnail","hentry","category-desde-la-fogata"],"aioseo_notices":[],"_links":{"self":[{"href":"https:\/\/lafogata.com.ar\/index.php?rest_route=\/wp\/v2\/posts\/676","targetHints":{"allow":["GET"]}}],"collection":[{"href":"https:\/\/lafogata.com.ar\/index.php?rest_route=\/wp\/v2\/posts"}],"about":[{"href":"https:\/\/lafogata.com.ar\/index.php?rest_route=\/wp\/v2\/types\/post"}],"author":[{"embeddable":true,"href":"https:\/\/lafogata.com.ar\/index.php?rest_route=\/wp\/v2\/users\/2"}],"replies":[{"embeddable":true,"href":"https:\/\/lafogata.com.ar\/index.php?rest_route=%2Fwp%2Fv2%2Fcomments&post=676"}],"version-history":[{"count":2,"href":"https:\/\/lafogata.com.ar\/index.php?rest_route=\/wp\/v2\/posts\/676\/revisions"}],"predecessor-version":[{"id":687,"href":"https:\/\/lafogata.com.ar\/index.php?rest_route=\/wp\/v2\/posts\/676\/revisions\/687"}],"wp:featuredmedia":[{"embeddable":true,"href":"https:\/\/lafogata.com.ar\/index.php?rest_route=\/wp\/v2\/media\/681"}],"wp:attachment":[{"href":"https:\/\/lafogata.com.ar\/index.php?rest_route=%2Fwp%2Fv2%2Fmedia&parent=676"}],"wp:term":[{"taxonomy":"category","embeddable":true,"href":"https:\/\/lafogata.com.ar\/index.php?rest_route=%2Fwp%2Fv2%2Fcategories&post=676"},{"taxonomy":"post_tag","embeddable":true,"href":"https:\/\/lafogata.com.ar\/index.php?rest_route=%2Fwp%2Fv2%2Ftags&post=676"}],"curies":[{"name":"wp","href":"https:\/\/api.w.org\/{rel}","templated":true}]}}