{"id":71,"date":"2023-08-25T20:06:32","date_gmt":"2023-08-25T23:06:32","guid":{"rendered":"https:\/\/lafogata.com.ar\/?p=71"},"modified":"2023-08-25T20:11:54","modified_gmt":"2023-08-25T23:11:54","slug":"festejar-y-aprender","status":"publish","type":"post","link":"https:\/\/lafogata.com.ar\/?p=71","title":{"rendered":"&#8220;Festejar y APRENDER&#8221;"},"content":{"rendered":"\n<h1 class=\"wp-block-heading\">La Vecinal Facundo Quiroga festeja el &#8221; D\u00eda de las Infancias&#8221;<\/h1>\n\n\n\n<figure class=\"wp-block-image aligncenter\"><img loading=\"lazy\" decoding=\"async\" width=\"212\" height=\"300\" src=\"http:\/\/lafogata.com.ar\/wp-content\/uploads\/2023\/08\/infancias-212x300.jpeg\" alt=\"\" class=\"wp-image-73\" srcset=\"https:\/\/lafogata.com.ar\/wp-content\/uploads\/2023\/08\/infancias-212x300.jpeg 212w, https:\/\/lafogata.com.ar\/wp-content\/uploads\/2023\/08\/infancias-724x1024.jpeg 724w, https:\/\/lafogata.com.ar\/wp-content\/uploads\/2023\/08\/infancias-768x1086.jpeg 768w, https:\/\/lafogata.com.ar\/wp-content\/uploads\/2023\/08\/infancias-1086x1536.jpeg 1086w, https:\/\/lafogata.com.ar\/wp-content\/uploads\/2023\/08\/infancias.jpeg 1131w\" sizes=\"auto, (max-width: 212px) 100vw, 212px\" \/><\/figure>\n\n\n\n<p class=\"has-text-align-center\">El objetivo del D\u00eda de las Infancias es recordarnos&nbsp; que l@s ni\u00f1@s<b> son l@s m\u00e1s vulnerables<\/b>&nbsp;<b>y, por tanto, l@s<\/b><b> que m\u00e1s sufren las crisis y los problemas del&nbsp; mundo.<\/b><\/p>\n\n\n\n<figure class=\"wp-block-image aligncenter\"><img loading=\"lazy\" decoding=\"async\" width=\"275\" height=\"183\" src=\"http:\/\/lafogata.com.ar\/wp-content\/uploads\/2023\/08\/infancias-2.jpg\" alt=\"\" class=\"wp-image-74\"\/><\/figure>\n\n\n\n<p>En tiempos donde &#8221; la invitada principal&#8221; es la desesperanza a quienes muchos se encargan de maquillar para que &#8221; luzca espl\u00e9ndida&#8221; utilizando para ello &#8220;los cosm\u00e9ticos de la inseguridad&#8221; cuyos cat\u00e1logos se exhiben en los grupos de whats App.<\/p>\n\n\n\n<figure class=\"wp-block-image aligncenter\"><img loading=\"lazy\" decoding=\"async\" width=\"300\" height=\"272\" src=\"http:\/\/lafogata.com.ar\/wp-content\/uploads\/2023\/08\/3957ecce-a64a-4b70-81f2-ebf2241a81c0-300x272.jpg\" alt=\"\" class=\"wp-image-75\" srcset=\"https:\/\/lafogata.com.ar\/wp-content\/uploads\/2023\/08\/3957ecce-a64a-4b70-81f2-ebf2241a81c0-300x272.jpg 300w, https:\/\/lafogata.com.ar\/wp-content\/uploads\/2023\/08\/3957ecce-a64a-4b70-81f2-ebf2241a81c0-1024x927.jpg 1024w, https:\/\/lafogata.com.ar\/wp-content\/uploads\/2023\/08\/3957ecce-a64a-4b70-81f2-ebf2241a81c0-768x695.jpg 768w, https:\/\/lafogata.com.ar\/wp-content\/uploads\/2023\/08\/3957ecce-a64a-4b70-81f2-ebf2241a81c0-331x300.jpg 331w, https:\/\/lafogata.com.ar\/wp-content\/uploads\/2023\/08\/3957ecce-a64a-4b70-81f2-ebf2241a81c0.jpg 1080w\" sizes=\"auto, (max-width: 300px) 100vw, 300px\" \/><\/figure>\n\n\n\n<p>En momentos donde el miedo y la incertidumbre se convierten en &#8220;<em><strong> gases paralizantes&#8221;<\/strong><\/em>, que ya comienzan a escasear <span style=\"color: #ff0000;\"><em>porque fueron adquiridos por &#8220;los inversionistas&#8221;<\/em><\/span>, pensar las pibas y pibes de nuestro Barrio se convierte en casi &#8220;una par\u00e1bola&#8221; de las que gustaba hacer uso ese flaco de barba que alguna vez expres\u00f3 :<em><span style=\"color: #ff0000;\"><strong> &#8221; SEAN COMO NI\u00d1OS<\/strong><\/span><\/em>&#8220;<\/p>\n\n\n\n<figure class=\"wp-block-image aligncenter\"><img loading=\"lazy\" decoding=\"async\" width=\"300\" height=\"153\" src=\"http:\/\/lafogata.com.ar\/wp-content\/uploads\/2023\/08\/images-2023-08-25T184646.507-300x153.jpg\" alt=\"\" class=\"wp-image-76\" srcset=\"https:\/\/lafogata.com.ar\/wp-content\/uploads\/2023\/08\/images-2023-08-25T184646.507-300x153.jpg 300w, https:\/\/lafogata.com.ar\/wp-content\/uploads\/2023\/08\/images-2023-08-25T184646.507.jpg 314w\" sizes=\"auto, (max-width: 300px) 100vw, 300px\" \/><\/figure>\n\n\n\n<p class=\"has-small-font-size\">Este S\u00e1bado 26, a partir de las 10 hs,&nbsp; la Vecinal del Barrio se prepara para recibir a personas muy importantes que vendr\u00e1n a explicarnos como hacer pol\u00edtica barrial, como debemos relacionarnos, como ir creciendo como comunidad: La sede vecinal se vestir\u00e1 de colores vivos , <strong><mark style=\"background-color:#1982d1\" class=\"has-inline-color\">porque llegan las pibas y pibes para ense\u00f1arnos a ser como ellos.<\/mark><\/strong><\/p>\n\n\n\n<figure class=\"wp-block-audio\"><audio controls src=\"http:\/\/lafogata.com.ar\/wp-content\/uploads\/2023\/08\/y2mate.com-Un-Mensaje-al-mundo.mp3\" autoplay loop preload=\"none\"><\/audio><\/figure>\n","protected":false},"excerpt":{"rendered":"<p>La Vecinal Facundo Quiroga festeja el &#8221; D\u00eda de las Infancias&#8221; El objetivo del D\u00eda&#8230;<\/p>\n","protected":false},"author":1,"featured_media":73,"comment_status":"open","ping_status":"open","sticky":false,"template":"","format":"standard","meta":{"om_disable_all_campaigns":false,"_monsterinsights_skip_tracking":false,"_monsterinsights_sitenote_active":false,"_monsterinsights_sitenote_note":"","_monsterinsights_sitenote_category":0,"footnotes":""},"categories":[1],"tags":[],"class_list":["post-71","post","type-post","status-publish","format-standard","has-post-thumbnail","hentry","category-blog"],"aioseo_notices":[],"_links":{"self":[{"href":"https:\/\/lafogata.com.ar\/index.php?rest_route=\/wp\/v2\/posts\/71","targetHints":{"allow":["GET"]}}],"collection":[{"href":"https:\/\/lafogata.com.ar\/index.php?rest_route=\/wp\/v2\/posts"}],"about":[{"href":"https:\/\/lafogata.com.ar\/index.php?rest_route=\/wp\/v2\/types\/post"}],"author":[{"embeddable":true,"href":"https:\/\/lafogata.com.ar\/index.php?rest_route=\/wp\/v2\/users\/1"}],"replies":[{"embeddable":true,"href":"https:\/\/lafogata.com.ar\/index.php?rest_route=%2Fwp%2Fv2%2Fcomments&post=71"}],"version-history":[{"count":5,"href":"https:\/\/lafogata.com.ar\/index.php?rest_route=\/wp\/v2\/posts\/71\/revisions"}],"predecessor-version":[{"id":82,"href":"https:\/\/lafogata.com.ar\/index.php?rest_route=\/wp\/v2\/posts\/71\/revisions\/82"}],"wp:featuredmedia":[{"embeddable":true,"href":"https:\/\/lafogata.com.ar\/index.php?rest_route=\/wp\/v2\/media\/73"}],"wp:attachment":[{"href":"https:\/\/lafogata.com.ar\/index.php?rest_route=%2Fwp%2Fv2%2Fmedia&parent=71"}],"wp:term":[{"taxonomy":"category","embeddable":true,"href":"https:\/\/lafogata.com.ar\/index.php?rest_route=%2Fwp%2Fv2%2Fcategories&post=71"},{"taxonomy":"post_tag","embeddable":true,"href":"https:\/\/lafogata.com.ar\/index.php?rest_route=%2Fwp%2Fv2%2Ftags&post=71"}],"curies":[{"name":"wp","href":"https:\/\/api.w.org\/{rel}","templated":true}]}}